{"id":9696,"date":"2019-04-03T17:20:29","date_gmt":"2019-04-03T17:20:29","guid":{"rendered":"http:\/\/www.allenandallen.com\/?p=9696"},"modified":"2024-04-10T08:46:39","modified_gmt":"2024-04-10T13:46:39","slug":"cientos-de-veteranos-militares-demandan-por-tapones-para-los-oidos-defectuosos","status":"publish","type":"post","link":"https:\/\/www.allenandallen.com\/es\/blog\/hundreds-of-military-veterans-sue-over-defective-earplugs\/","title":{"rendered":"Cientos de veteranos militares demandan por tapones para los o\u00eddos defectuosos"},"content":{"rendered":"<p class=\"p1\">En el ej\u00e9rcito, la protecci\u00f3n auditiva adecuada es una necesidad absoluta. El Instituto Nacional de Sordera y Otros Trastornos de la Comunicaci\u00f3n (NIDCD, por sus siglas en ingl\u00e9s) estima que la exposici\u00f3n regular a cualquier sonido de m\u00e1s de 85 decibeles probablemente cause p\u00e9rdida de audici\u00f3n. Una pistola de 9 mm, una de las armas menos potentes del mercado, produce 160 decibeles cuando se dispara. <span class=\"s1\">Eso es lo suficientemente fuerte como para causar da\u00f1o auditivo permanente despu\u00e9s de unas pocas exposiciones sin protecci\u00f3n.<\/span><\/p>\n<p class=\"p1\">Ahora, <a href=\"https:\/\/www.militarytimes.com\/news\/your-military\/2019\/02\/14\/hundreds-of-vets-are-suing-over-these-defective-combat-earplugs\/\"><span class=\"s1\">Se est\u00e1n presentando cientos de demandas por responsabilidad por productos defectuosos en nombre de los veteranos.<\/span><\/a>, alegando que su audici\u00f3n se vio afectada por tapones para los o\u00eddos de combate defectuosos. El tap\u00f3n para los o\u00eddos de 3M Combat Arms Versi\u00f3n 2 (CAEv2) era un tap\u00f3n de dos extremos que pod\u00eda funcionar como un tap\u00f3n para los o\u00eddos tradicional, bloqueando todo el ruido, o pod\u00eda colocarse en la posici\u00f3n opuesta para reducir el ruido fuerte.<\/p>\n<p><img loading=\"lazy\" decoding=\"async\" class=\"wp-image-9698 aligncenter\" src=\"https:\/\/www.allenandallen.com\/wp-content\/uploads\/2019\/04\/3M-combat-earplugs2.jpg\" alt=\"\" width=\"555\" height=\"560\" srcset=\"https:\/\/www.allenandallen.com\/wp-content\/uploads\/2019\/04\/3M-combat-earplugs2.jpg 320w, https:\/\/www.allenandallen.com\/wp-content\/uploads\/2019\/04\/3M-combat-earplugs2-150x150.jpg 150w, https:\/\/www.allenandallen.com\/wp-content\/uploads\/2019\/04\/3M-combat-earplugs2-297x300.jpg 297w\" sizes=\"auto, (max-width: 555px) 100vw, 555px\" \/><\/p>\n<p class=\"p1\">Las demandas alegan que la compa\u00f1\u00eda dise\u00f1\u00f3 los tapones para los o\u00eddos de una manera que los hizo <span class=\"s1\">aflojar mientras se usa.<\/span> Como resultado, los soldados estuvieron expuestos a niveles de sonido mucho m\u00e1s altos de lo que anunciaba el fabricante. Adem\u00e1s, la compa\u00f1\u00eda no advirti\u00f3 a los usuarios sobre el defecto ni proporcion\u00f3 las instrucciones adecuadas para usar sus tapones para los o\u00eddos.<\/p>\n<p class=\"p1\">Seg\u00fan las demandas, los tapones para los o\u00eddos defectuosos causaron p\u00e9rdida de audici\u00f3n y un zumbido en los o\u00eddos, llamado tinnitus. Los tapones se utilizaron tanto en entrenamiento como en combate, y pueden haber afectado a m\u00e1s de 800.000 ex miembros del servicio.<\/p>\n<p class=\"p1\"><span class=\"s1\">3M acord\u00f3 previamente pagar un acuerdo de $9.1 millones<\/span> para resolver el Departamento de Defensa despu\u00e9s de las acusaciones de que los tapones para los o\u00eddos se vendieron a los militares durante m\u00e1s de una d\u00e9cada sin advertir que estaban defectuosos. El Departamento de Justicia de EE. UU. Aleg\u00f3 que los empleados de Aearo Technologies, que se unieron a 3M despu\u00e9s de que adquiri\u00f3 Aearo en 2008, conoc\u00edan los problemas de dise\u00f1o ya en 2000, cuando completaron las pruebas de los tapones para los o\u00eddos. <a href=\"https:\/\/www.militarytimes.com\/news\/your-military\/2019\/02\/14\/hundreds-of-vets-are-suing-over-these-defective-combat-earplugs\/\"><span class=\"s1\">Se alega que la empresa ha falsificado certificaciones que demuestran que los tapones para los o\u00eddos eran aptos para su uso.<\/span><\/a><\/p>\n<p class=\"p1\">Muchos veteranos ahora buscan da\u00f1os y perjuicios a 3M despu\u00e9s de desarrollar problemas de audici\u00f3n.<\/p>\n<p class=\"p1\">Las personas que fueron dadas de alta antes de enero de 2015 y han experimentado una p\u00e9rdida auditiva grave despu\u00e9s de usar los tapones auditivos Combat Arms Versi\u00f3n 2 (CAEv2) de 3M durante el despliegue o la capacitaci\u00f3n deben comunicarse con Allen &amp; Allen para ver si califican para una compensaci\u00f3n financiera.<\/p>","protected":false},"excerpt":{"rendered":"<p>En el ej\u00e9rcito, la protecci\u00f3n auditiva adecuada es una necesidad absoluta. El Instituto Nacional de Sordera y Otros Trastornos de la Comunicaci\u00f3n (NIDCD) estima que la exposici\u00f3n regular a cualquier sonido supera los 85 decibeles ...<\/p>","protected":false},"author":20,"featured_media":0,"comment_status":"open","ping_status":"open","sticky":false,"template":"","format":"standard","meta":{"_acf_changed":false,"footnotes":""},"categories":[8],"tags":[],"class_list":["post-9696","post","type-post","status-publish","format-standard","hentry","category-blog"],"acf":[],"yoast_head":"<!-- This site is optimized with the Yoast SEO Premium plugin v27.5 (Yoast SEO v27.5) - https:\/\/yoast.com\/product\/yoast-seo-premium-wordpress\/ -->\n<title>Hundreds of military veterans sue over defective earplugs | Allen and Allen<\/title>\n<meta name=\"description\" content=\"Hundreds of product liability lawsuits are being filed on behalf of veterans, alleging that their hearing was affected by defective earplugs.\" \/>\n<meta name=\"robots\" content=\"index, follow, max-snippet:-1, max-image-preview:large, max-video-preview:-1\" \/>\n<link rel=\"canonical\" href=\"https:\/\/www.allenandallen.com\/es\/blog\/cientos-de-veteranos-militares-demandan-por-tapones-para-los-oidos-defectuosos\/\" \/>\n<meta property=\"og:locale\" content=\"es_ES\" \/>\n<meta property=\"og:type\" content=\"article\" \/>\n<meta property=\"og:title\" content=\"Hundreds of military veterans sue over defective earplugs\" \/>\n<meta property=\"og:description\" content=\"Hundreds of product liability lawsuits are being filed on behalf of veterans, alleging that their hearing was affected by defective earplugs.\" \/>\n<meta property=\"og:url\" content=\"https:\/\/www.allenandallen.com\/es\/blog\/cientos-de-veteranos-militares-demandan-por-tapones-para-los-oidos-defectuosos\/\" \/>\n<meta property=\"og:site_name\" content=\"Allen and Allen\" \/>\n<meta property=\"article:published_time\" content=\"2019-04-03T17:20:29+00:00\" \/>\n<meta property=\"article:modified_time\" content=\"2024-04-10T13:46:39+00:00\" \/>\n<meta property=\"og:image\" content=\"https:\/\/www.allenandallen.com\/wp-content\/uploads\/2019\/04\/3M-combat-earplugs2.jpg\" \/>\n<meta name=\"author\" content=\"Fayeruz Regan\" \/>\n<meta name=\"twitter:card\" content=\"summary_large_image\" \/>\n<meta name=\"twitter:creator\" content=\"@allenandallen\" \/>\n<meta name=\"twitter:site\" content=\"@allenandallen\" \/>\n<meta name=\"twitter:label1\" content=\"Written by\" \/>\n\t<meta name=\"twitter:data1\" content=\"Fayeruz Regan\" \/>\n\t<meta name=\"twitter:label2\" content=\"Est. reading time\" \/>\n\t<meta name=\"twitter:data2\" content=\"2 minutes\" \/>\n<!-- \/ Yoast SEO Premium plugin. -->","yoast_head_json":{"title":"Cientos de veteranos militares demandan por tapones para los o\u00eddos defectuosos | Allen y Allen","description":"Se est\u00e1n presentando cientos de demandas por responsabilidad de productos en nombre de los veteranos, alegando que su audici\u00f3n se vio afectada por tapones para los o\u00eddos defectuosos.","robots":{"index":"index","follow":"follow","max-snippet":"max-snippet:-1","max-image-preview":"max-image-preview:large","max-video-preview":"max-video-preview:-1"},"canonical":"https:\/\/www.allenandallen.com\/es\/blog\/cientos-de-veteranos-militares-demandan-por-tapones-para-los-oidos-defectuosos\/","og_locale":"es_ES","og_type":"article","og_title":"Hundreds of military veterans sue over defective earplugs","og_description":"Hundreds of product liability lawsuits are being filed on behalf of veterans, alleging that their hearing was affected by defective earplugs.","og_url":"https:\/\/www.allenandallen.com\/es\/blog\/cientos-de-veteranos-militares-demandan-por-tapones-para-los-oidos-defectuosos\/","og_site_name":"Allen and Allen","article_published_time":"2019-04-03T17:20:29+00:00","article_modified_time":"2024-04-10T13:46:39+00:00","og_image":[{"url":"https:\/\/www.allenandallen.com\/wp-content\/uploads\/2019\/04\/3M-combat-earplugs2.jpg","type":"","width":"","height":""}],"author":"Fayeruz Regan","twitter_card":"summary_large_image","twitter_creator":"@allenandallen","twitter_site":"@allenandallen","twitter_misc":{"Written by":"Fayeruz Regan","Est. reading time":"2 minutes"},"schema":{"@context":"https:\/\/schema.org","@graph":[{"@type":"Article","@id":"https:\/\/www.allenandallen.com\/blog\/hundreds-of-military-veterans-sue-over-defective-earplugs\/#article","isPartOf":{"@id":"https:\/\/www.allenandallen.com\/blog\/hundreds-of-military-veterans-sue-over-defective-earplugs\/"},"author":{"name":"Fayeruz Regan","@id":"https:\/\/www.allenandallen.com\/#\/schema\/person\/593d64e503c60b19ed8d959ecd4acdde"},"headline":"Hundreds of military veterans sue over defective earplugs","datePublished":"2019-04-03T17:20:29+00:00","dateModified":"2024-04-10T13:46:39+00:00","mainEntityOfPage":{"@id":"https:\/\/www.allenandallen.com\/blog\/hundreds-of-military-veterans-sue-over-defective-earplugs\/"},"wordCount":354,"commentCount":0,"image":{"@id":"https:\/\/www.allenandallen.com\/blog\/hundreds-of-military-veterans-sue-over-defective-earplugs\/#primaryimage"},"thumbnailUrl":"https:\/\/www.allenandallen.com\/wp-content\/uploads\/2019\/04\/3M-combat-earplugs2.jpg","articleSection":["Blog"],"inLanguage":"es","potentialAction":[{"@type":"CommentAction","name":"Comment","target":["https:\/\/www.allenandallen.com\/blog\/hundreds-of-military-veterans-sue-over-defective-earplugs\/#respond"]}]},{"@type":"WebPage","@id":"https:\/\/www.allenandallen.com\/blog\/hundreds-of-military-veterans-sue-over-defective-earplugs\/","url":"https:\/\/www.allenandallen.com\/blog\/hundreds-of-military-veterans-sue-over-defective-earplugs\/","name":"Cientos de veteranos militares demandan por tapones para los o\u00eddos defectuosos | Allen y Allen","isPartOf":{"@id":"https:\/\/www.allenandallen.com\/#website"},"primaryImageOfPage":{"@id":"https:\/\/www.allenandallen.com\/blog\/hundreds-of-military-veterans-sue-over-defective-earplugs\/#primaryimage"},"image":{"@id":"https:\/\/www.allenandallen.com\/blog\/hundreds-of-military-veterans-sue-over-defective-earplugs\/#primaryimage"},"thumbnailUrl":"https:\/\/www.allenandallen.com\/wp-content\/uploads\/2019\/04\/3M-combat-earplugs2.jpg","datePublished":"2019-04-03T17:20:29+00:00","dateModified":"2024-04-10T13:46:39+00:00","author":{"@id":"https:\/\/www.allenandallen.com\/#\/schema\/person\/593d64e503c60b19ed8d959ecd4acdde"},"description":"Se est\u00e1n presentando cientos de demandas por responsabilidad de productos en nombre de los veteranos, alegando que su audici\u00f3n se vio afectada por tapones para los o\u00eddos defectuosos.","breadcrumb":{"@id":"https:\/\/www.allenandallen.com\/blog\/hundreds-of-military-veterans-sue-over-defective-earplugs\/#breadcrumb"},"inLanguage":"es","potentialAction":[{"@type":"ReadAction","target":["https:\/\/www.allenandallen.com\/blog\/hundreds-of-military-veterans-sue-over-defective-earplugs\/"]}]},{"@type":"ImageObject","inLanguage":"es","@id":"https:\/\/www.allenandallen.com\/blog\/hundreds-of-military-veterans-sue-over-defective-earplugs\/#primaryimage","url":"https:\/\/www.allenandallen.com\/wp-content\/uploads\/2019\/04\/3M-combat-earplugs2.jpg","contentUrl":"https:\/\/www.allenandallen.com\/wp-content\/uploads\/2019\/04\/3M-combat-earplugs2.jpg"},{"@type":"BreadcrumbList","@id":"https:\/\/www.allenandallen.com\/blog\/hundreds-of-military-veterans-sue-over-defective-earplugs\/#breadcrumb","itemListElement":[{"@type":"ListItem","position":1,"name":"Virginia Personal Injury Lawyer","item":"https:\/\/www.allenandallen.com\/"},{"@type":"ListItem","position":2,"name":"Hundreds of military veterans sue over defective earplugs"}]},{"@type":"WebSite","@id":"https:\/\/www.allenandallen.com\/#website","url":"https:\/\/www.allenandallen.com\/","name":"Allen y Allen","description":"Protegiendo a los heridos desde 1910","potentialAction":[{"@type":"SearchAction","target":{"@type":"EntryPoint","urlTemplate":"https:\/\/www.allenandallen.com\/?s={search_term_string}"},"query-input":{"@type":"PropertyValueSpecification","valueRequired":true,"valueName":"search_term_string"}}],"inLanguage":"es"},{"@type":"Person","@id":"https:\/\/www.allenandallen.com\/#\/schema\/person\/593d64e503c60b19ed8d959ecd4acdde","name":"Fayeruz Regan","image":{"@type":"ImageObject","inLanguage":"es","@id":"https:\/\/secure.gravatar.com\/avatar\/dc2fc1487f614484438423331a07f8f20bbd093c01422c37452bcbf31b9c348c?s=96&d=mm&r=g","url":"https:\/\/secure.gravatar.com\/avatar\/dc2fc1487f614484438423331a07f8f20bbd093c01422c37452bcbf31b9c348c?s=96&d=mm&r=g","contentUrl":"https:\/\/secure.gravatar.com\/avatar\/dc2fc1487f614484438423331a07f8f20bbd093c01422c37452bcbf31b9c348c?s=96&d=mm&r=g","caption":"Fayeruz Regan"},"url":"https:\/\/www.allenandallen.com\/es\/author\/fayeruz-reganallenandallen-com\/"}]}},"_links":{"self":[{"href":"https:\/\/www.allenandallen.com\/es\/wp-json\/wp\/v2\/posts\/9696","targetHints":{"allow":["GET"]}}],"collection":[{"href":"https:\/\/www.allenandallen.com\/es\/wp-json\/wp\/v2\/posts"}],"about":[{"href":"https:\/\/www.allenandallen.com\/es\/wp-json\/wp\/v2\/types\/post"}],"author":[{"embeddable":true,"href":"https:\/\/www.allenandallen.com\/es\/wp-json\/wp\/v2\/users\/20"}],"replies":[{"embeddable":true,"href":"https:\/\/www.allenandallen.com\/es\/wp-json\/wp\/v2\/comments?post=9696"}],"version-history":[{"count":0,"href":"https:\/\/www.allenandallen.com\/es\/wp-json\/wp\/v2\/posts\/9696\/revisions"}],"wp:attachment":[{"href":"https:\/\/www.allenandallen.com\/es\/wp-json\/wp\/v2\/media?parent=9696"}],"wp:term":[{"taxonomy":"category","embeddable":true,"href":"https:\/\/www.allenandallen.com\/es\/wp-json\/wp\/v2\/categories?post=9696"},{"taxonomy":"post_tag","embeddable":true,"href":"https:\/\/www.allenandallen.com\/es\/wp-json\/wp\/v2\/tags?post=9696"}],"curies":[{"name":"Gracias","href":"https:\/\/api.w.org\/{rel}","templated":true}]}}