{"id":51922,"date":"2024-12-26T10:12:49","date_gmt":"2024-12-26T15:12:49","guid":{"rendered":"https:\/\/www.allenandallen.com\/?p=51922"},"modified":"2024-12-26T10:12:49","modified_gmt":"2024-12-26T15:12:49","slug":"estamos-preparados-para-los-camiones-semirremolques-autonomos","status":"publish","type":"post","link":"https:\/\/www.allenandallen.com\/es\/blog\/are-we-ready-for-self-driving-semi-trucks\/","title":{"rendered":"\u00bfEstamos preparados para los camiones semirremolques aut\u00f3nomos?"},"content":{"rendered":"<p>El auge y la generalizaci\u00f3n del uso de veh\u00edculos aut\u00f3nomos est\u00e1n revolucionando el sector del transporte por carretera. Si bien esta tecnolog\u00eda a\u00fan est\u00e1 en sus inicios, los camiones semirremolques aut\u00f3nomos tienen el potencial de transformar la forma en que se transportan las mercanc\u00edas, modificando radicalmente la estructura de la econom\u00eda.<\/p>\n<p><img loading=\"lazy\" decoding=\"async\" class=\"wp-image-51923 aligncenter\" src=\"https:\/\/www.allenandallen.com\/wp-content\/uploads\/2024\/12\/retro-semi-truck-tractor-night-time-illumination-2023-11-27-04-54-12-utc-min-1-300x200.jpeg\" alt=\"cami\u00f3n semirremolque de conducci\u00f3n aut\u00f3noma\" width=\"752\" height=\"501\" srcset=\"https:\/\/www.allenandallen.com\/wp-content\/uploads\/2024\/12\/retro-semi-truck-tractor-night-time-illumination-2023-11-27-04-54-12-utc-min-1-300x200.jpeg 300w, https:\/\/www.allenandallen.com\/wp-content\/uploads\/2024\/12\/retro-semi-truck-tractor-night-time-illumination-2023-11-27-04-54-12-utc-min-1-1024x683.jpeg 1024w, https:\/\/www.allenandallen.com\/wp-content\/uploads\/2024\/12\/retro-semi-truck-tractor-night-time-illumination-2023-11-27-04-54-12-utc-min-1-768x512.jpeg 768w, https:\/\/www.allenandallen.com\/wp-content\/uploads\/2024\/12\/retro-semi-truck-tractor-night-time-illumination-2023-11-27-04-54-12-utc-min-1-1536x1024.jpeg 1536w, https:\/\/www.allenandallen.com\/wp-content\/uploads\/2024\/12\/retro-semi-truck-tractor-night-time-illumination-2023-11-27-04-54-12-utc-min-1-2048x1366.jpeg 2048w, https:\/\/www.allenandallen.com\/wp-content\/uploads\/2024\/12\/retro-semi-truck-tractor-night-time-illumination-2023-11-27-04-54-12-utc-min-1-18x12.jpeg 18w\" sizes=\"auto, (max-width: 752px) 100vw, 752px\" \/><\/p>\n<h3>\u00bfQu\u00e9 es la conducci\u00f3n aut\u00f3noma?<\/h3>\n<p>Un veh\u00edculo aut\u00f3nomo, com\u00fanmente conocido como veh\u00edculo de conducci\u00f3n aut\u00f3noma, es cualquier veh\u00edculo equipado con sistemas capaces de navegar y operar sin intervenci\u00f3n humana. No todos los veh\u00edculos aut\u00f3nomos pretenden reemplazar por completo al conductor humano. Algunos simplemente proporcionan gu\u00eda y funciones de seguridad mejoradas, mientras que el conductor humano sigue siendo el principal responsable de la supervisi\u00f3n y el funcionamiento del veh\u00edculo.<\/p>\n<p>Aqu\u00ed est\u00e1n los cinco niveles primarios de <a href=\"https:\/\/www.synopsys.com\/blogs\/chip-design\/autonomous-driving-levels.html\">automatizaci\u00f3n<\/a>:<\/p>\n<ul>\n<li><strong>Nivel 1: Asistencia al conductor \u2013<\/strong> En este nivel, el veh\u00edculo supervisa el rendimiento de ciertos sistemas y automatiza sus acciones para reducir la carga de trabajo del conductor. Esto puede ser tan sencillo como un veh\u00edculo equipado con control de crucero.<\/li>\n<li><strong>Nivel 2: Automatizaci\u00f3n parcial \u2013<\/strong> En este nivel, el veh\u00edculo comienza a intervenir en las operaciones de conducci\u00f3n, como la correcci\u00f3n de carril o el frenado autom\u00e1tico. Es importante destacar que el conductor humano sigue supervisando completamente el funcionamiento del veh\u00edculo y mantiene el control activo en todo momento.<\/li>\n<li><strong>Nivel 3: Automatizaci\u00f3n condicional \u2013 <\/strong>En este nivel, el veh\u00edculo es capaz de detectar el entorno que lo rodea y toma el control de la mayor\u00eda de las maniobras de conducci\u00f3n. Aun as\u00ed, se requiere la presencia y atenci\u00f3n del conductor, quien puede retomar el control en cualquier momento.<\/li>\n<li><strong>Nivel 4: Alta automatizaci\u00f3n \u2013 <\/strong>En este nivel, el veh\u00edculo realiza todas las tareas de conducci\u00f3n, obteniendo una visi\u00f3n completa del entorno y asumiendo la responsabilidad incluso en situaciones extremas e inusuales. No se requiere atenci\u00f3n humana directa. Actualmente no hay camiones aut\u00f3nomos de nivel 4 circulando, pero numerosas empresas est\u00e1n trabajando en su desarrollo e implementaci\u00f3n.<\/li>\n<li><strong>Nivel 5: Automatizaci\u00f3n completa \u2013<\/strong> En este nivel, el veh\u00edculo se conduce de forma totalmente aut\u00f3noma, sin interacci\u00f3n ni atenci\u00f3n humana. La automatizaci\u00f3n de nivel 5 sigue siendo un objetivo lejano, pero si se alcanza, su impacto en nuestra sociedad ser\u00e1 profundo.<\/li>\n<\/ul>\n<p>Varias empresas est\u00e1n probando veh\u00edculos aut\u00f3nomos, avanzando gradualmente en sus sistemas de automatizaci\u00f3n. A menudo, los proyectos orientados al consumidor, como los servicios de transporte compartido aut\u00f3nomo, acaparan la mayor atenci\u00f3n medi\u00e1tica. Sin embargo, es probable que el primer impacto de los veh\u00edculos aut\u00f3nomos se note en el sector del transporte por carretera.<\/p>\n<h3><img loading=\"lazy\" decoding=\"async\" class=\"wp-image-51925 aligncenter\" src=\"https:\/\/www.allenandallen.com\/wp-content\/uploads\/2024\/12\/empty-monitoring-room-with-a-big-screen-to-observe-2024-12-13-02-26-44-utc-min-300x169.jpg\" alt=\"Panel de control de cami\u00f3n de conducci\u00f3n aut\u00f3noma\" width=\"864\" height=\"487\" srcset=\"https:\/\/www.allenandallen.com\/wp-content\/uploads\/2024\/12\/empty-monitoring-room-with-a-big-screen-to-observe-2024-12-13-02-26-44-utc-min-300x169.jpg 300w, https:\/\/www.allenandallen.com\/wp-content\/uploads\/2024\/12\/empty-monitoring-room-with-a-big-screen-to-observe-2024-12-13-02-26-44-utc-min-1024x576.jpg 1024w, https:\/\/www.allenandallen.com\/wp-content\/uploads\/2024\/12\/empty-monitoring-room-with-a-big-screen-to-observe-2024-12-13-02-26-44-utc-min-768x432.jpg 768w, https:\/\/www.allenandallen.com\/wp-content\/uploads\/2024\/12\/empty-monitoring-room-with-a-big-screen-to-observe-2024-12-13-02-26-44-utc-min-1536x864.jpg 1536w, https:\/\/www.allenandallen.com\/wp-content\/uploads\/2024\/12\/empty-monitoring-room-with-a-big-screen-to-observe-2024-12-13-02-26-44-utc-min-2048x1152.jpg 2048w, https:\/\/www.allenandallen.com\/wp-content\/uploads\/2024\/12\/empty-monitoring-room-with-a-big-screen-to-observe-2024-12-13-02-26-44-utc-min-18x10.jpg 18w\" sizes=\"auto, (max-width: 864px) 100vw, 864px\" \/><\/h3>\n<h3>\u00bfPor qu\u00e9 la industria del transporte por carretera adoptar\u00e1 primero los veh\u00edculos aut\u00f3nomos?<\/h3>\n<p>La industria del transporte por carretera puede beneficiarse enormemente de veh\u00edculos con niveles de automatizaci\u00f3n m\u00e1s bajos. Para el consumidor medio, la automatizaci\u00f3n de nivel 2 o 3 puede parecer una caracter\u00edstica interesante, pero a\u00fan requiere que el conductor est\u00e9 siempre atento y listo para intervenir ante cualquier fallo en los sistemas del veh\u00edculo. Los consumidores obtienen beneficios mucho mayores cuando la automatizaci\u00f3n alcanza el nivel 4, y pueden dedicar su atenci\u00f3n a otras tareas (\u00a1o incluso echarse una siesta!) mientras el veh\u00edculo est\u00e1 en marcha.<\/p>\n<p>Por el contrario, operar camiones en los niveles 2 y 3 ofrece ventajas sustanciales para los transportistas. Controlar la velocidad y tener en cuenta el terreno puede reducir los costos de combustible, y las mayores medidas de seguridad pueden disminuir considerablemente la responsabilidad de la empresa. Si se aplican a una flota nacional, estas ventajas son considerables.<\/p>\n<p>Los expertos predicen que los primeros veh\u00edculos de nivel 4 se utilizar\u00e1n para formar un <a href=\"https:\/\/www.ai4opt.org\/sites\/default\/files\/docs\/2021-10-27-ryder-white-paper.pdf\">\u201ccentro y red\u201d<\/a> En este sistema, camiones aut\u00f3nomos entregan mercanc\u00edas entre centros establecidos siguiendo rutas preplanificadas y minuciosamente mapeadas. Los conductores humanos se encargan de distribuir la mercanc\u00eda por toda la comunidad. Esto permite que los veh\u00edculos aut\u00f3nomos recorran miles de kil\u00f3metros rutinarios y predecibles por carretera, mientras que los conductores humanos se ocupan de la \u00faltima milla de la entrega. Esto incluye las infinitas posibilidades que los conductores encuentran al salir de la autopista, como calles de sentido \u00fanico, peatones, entradas de veh\u00edculos, etc.<\/p>\n<h3><img loading=\"lazy\" decoding=\"async\" class=\"wp-image-51924 aligncenter\" src=\"https:\/\/www.allenandallen.com\/wp-content\/uploads\/2024\/12\/semi-truck-with-cargo-trailer-driving-on-highway-h-2024-12-06-04-16-39-utc-min-300x200.jpg\" alt=\"sem--cami\u00f3n conduciendo al atardecer\" width=\"807\" height=\"538\" srcset=\"https:\/\/www.allenandallen.com\/wp-content\/uploads\/2024\/12\/semi-truck-with-cargo-trailer-driving-on-highway-h-2024-12-06-04-16-39-utc-min-300x200.jpg 300w, https:\/\/www.allenandallen.com\/wp-content\/uploads\/2024\/12\/semi-truck-with-cargo-trailer-driving-on-highway-h-2024-12-06-04-16-39-utc-min-1024x683.jpg 1024w, https:\/\/www.allenandallen.com\/wp-content\/uploads\/2024\/12\/semi-truck-with-cargo-trailer-driving-on-highway-h-2024-12-06-04-16-39-utc-min-768x512.jpg 768w, https:\/\/www.allenandallen.com\/wp-content\/uploads\/2024\/12\/semi-truck-with-cargo-trailer-driving-on-highway-h-2024-12-06-04-16-39-utc-min-1536x1024.jpg 1536w, https:\/\/www.allenandallen.com\/wp-content\/uploads\/2024\/12\/semi-truck-with-cargo-trailer-driving-on-highway-h-2024-12-06-04-16-39-utc-min-2048x1366.jpg 2048w, https:\/\/www.allenandallen.com\/wp-content\/uploads\/2024\/12\/semi-truck-with-cargo-trailer-driving-on-highway-h-2024-12-06-04-16-39-utc-min-18x12.jpg 18w\" sizes=\"auto, (max-width: 807px) 100vw, 807px\" \/><\/h3>\n<h3>La industria del transporte por carretera se esfuerza por alcanzar la viabilidad.<\/h3>\n<p>Los beneficios potenciales del transporte aut\u00f3nomo por carretera han generado una fuerte competencia dentro de la industria del transporte, ya que m\u00faltiples empresas compiten por producir un producto viable.<\/p>\n<ul>\n<li><strong>La V\u00eda Waymo<\/strong> Es uno de los ejemplos m\u00e1s avanzados, con camiones semiaut\u00f3nomos circulando hoy en d\u00eda por las carreteras de varias ciudades importantes de Estados Unidos.<\/li>\n<li><strong>TuSimple<\/strong> Tambi\u00e9n ha llevado a cabo una serie de pruebas sencillas con un sistema de transporte por carretera totalmente aut\u00f3nomo.<\/li>\n<li><strong>El Tesla Semi<\/strong> Su objetivo es acortar la brecha hacia la conducci\u00f3n totalmente aut\u00f3noma ofreciendo veh\u00edculos con capacidades semiaut\u00f3nomas. Al ser tambi\u00e9n totalmente el\u00e9ctrico, el Tesla Semi busca combinar m\u00faltiples eficiencias y mejorar la log\u00edstica general de la cadena de suministro basada en camiones.<\/li>\n<\/ul>\n<p>Cabe preguntarse si existe la infraestructura necesaria para la circulaci\u00f3n de camiones semirremolques totalmente el\u00e9ctricos en nuestras carreteras. Actualmente, se est\u00e1n realizando esfuerzos para crear estaciones de carga cerca de puertos y las principales rutas de transporte. Por ejemplo, Voltera construy\u00f3 una estaci\u00f3n con 65 cargadores que puede dar servicio a hasta 200 camiones simult\u00e1neamente. Tambi\u00e9n se est\u00e1n probando sistemas con patente en tr\u00e1mite para plataformas de carga el\u00e9ctrica inal\u00e1mbricas, entre otras opciones. Se trata de una tecnolog\u00eda en r\u00e1pida evoluci\u00f3n.<\/p>\n<h3>Camiones de conducci\u00f3n aut\u00f3noma y su impacto en los litigios por lesiones personales.<\/h3>\n<p>Es probable que los camiones aut\u00f3nomos modifiquen significativamente el panorama legal. \u00bfQu\u00e9 sucede cuando un veh\u00edculo aut\u00f3nomo provoca o contribuye a un accidente?<\/p>\n<p>Si un fallo en los sistemas de automatizaci\u00f3n contribuy\u00f3 al accidente, los fabricantes podr\u00edan ser considerados responsables. Es probable que los litigios futuros en estos casos impliquen un an\u00e1lisis exhaustivo de los datos y el software, para determinar con exactitud c\u00f3mo y d\u00f3nde fallaron los complejos sistemas automatizados.<\/p>\n<p>Es importante se\u00f1alar que algunos aspectos de los litigios relacionados con el transporte por carretera se ver\u00e1n menos afectados. El error del conductor es un factor importante en los accidentes de camiones, pero el mantenimiento inadecuado, los equipos defectuosos, las inspecciones insuficientes y otras fallas tambi\u00e9n contribuyen. Estos problemas se ver\u00e1n agravados y resaltados por la menor responsabilidad del conductor en las operaciones de los camiones.<\/p>\n<p>Es probable que se necesiten nuevas regulaciones para abordar el estado fundamentalmente alterado del transporte y la nueva realidad del transporte automatizado por carretera.<\/p>\n<p><img loading=\"lazy\" decoding=\"async\" class=\"wp-image-51926 aligncenter\" src=\"https:\/\/www.allenandallen.com\/wp-content\/uploads\/2024\/12\/casual-300x185.jpg\" alt=\"Wil Van Winkle\" width=\"832\" height=\"513\" srcset=\"https:\/\/www.allenandallen.com\/wp-content\/uploads\/2024\/12\/casual-300x185.jpg 300w, https:\/\/www.allenandallen.com\/wp-content\/uploads\/2024\/12\/casual-1024x632.jpg 1024w, https:\/\/www.allenandallen.com\/wp-content\/uploads\/2024\/12\/casual-768x474.jpg 768w, https:\/\/www.allenandallen.com\/wp-content\/uploads\/2024\/12\/casual-18x12.jpg 18w, https:\/\/www.allenandallen.com\/wp-content\/uploads\/2024\/12\/casual.jpg 1391w\" sizes=\"auto, (max-width: 832px) 100vw, 832px\" \/><\/p>\n<h3>Un panorama cambiante<\/h3>\n<p>Los camiones aut\u00f3nomos a\u00fan no est\u00e1n listos para circular por las calles. Pero antes de que te des cuenta, podr\u00edas encontrarte con uno en la autopista. Incluso hoy en d\u00eda, casi cualquier cami\u00f3n que veas funcionar\u00e1 con sistemas aut\u00f3nomos de nivel 2 o 3.<\/p>\n<p>Si ha sufrido un accidente con un cami\u00f3n con remolque, necesitar\u00e1 un experto que le asesore sobre el cambiante panorama legal y determine c\u00f3mo los sistemas automatizados del cami\u00f3n pudieron haber influido en el accidente. Incluso si dichos sistemas no tuvieron un papel directo, sin duda registraron datos cruciales para su caso.<\/p>\n<p>Si usted o un ser querido ha resultado herido en un accidente de cami\u00f3n sin tener culpa alguna, p\u00f3ngase en contacto con un experto. <a href=\"https:\/\/www.allenandallen.com\/es\/abogados-de-accidentes-de-camiones-en-richmond\/\">abogados de camiones<\/a> En Allen &amp; Allen, nuestras evaluaciones de casos gratuitas y confidenciales est\u00e1n dise\u00f1adas para garantizar que cada aspecto de su caso se maneje correctamente y que sus derechos est\u00e9n protegidos. Llame hoy mismo al 866-388-1307.<\/p>","protected":false},"excerpt":{"rendered":"<p>El auge y la generalizaci\u00f3n del uso de veh\u00edculos aut\u00f3nomos est\u00e1n provocando una revoluci\u00f3n en el sector del transporte por carretera. Si bien esta tecnolog\u00eda a\u00fan est\u00e1 en sus inicios, los camiones semirremolques aut\u00f3nomos tienen el potencial de\u2026<\/p>","protected":false},"author":20,"featured_media":0,"comment_status":"closed","ping_status":"closed","sticky":false,"template":"","format":"standard","meta":{"_acf_changed":false,"footnotes":""},"categories":[8],"tags":[],"class_list":["post-51922","post","type-post","status-publish","format-standard","hentry","category-blog"],"acf":[],"yoast_head":"<!-- This site is optimized with the Yoast SEO Premium plugin v27.4 (Yoast SEO v27.4) - https:\/\/yoast.com\/product\/yoast-seo-premium-wordpress\/ -->\n<title>Are we ready for self-driving semi-trucks? | Allen and Allen<\/title>\n<meta name=\"description\" content=\"Self-driving trucks may sound like fodder for science fiction, but it will be upon us sooner than you know. Wil Van Winkle breaks it down.\" \/>\n<meta name=\"robots\" content=\"index, follow, max-snippet:-1, max-image-preview:large, max-video-preview:-1\" \/>\n<link rel=\"canonical\" href=\"https:\/\/www.allenandallen.com\/es\/blog\/estamos-preparados-para-los-camiones-semirremolques-autonomos\/\" \/>\n<meta property=\"og:locale\" content=\"es_ES\" \/>\n<meta property=\"og:type\" content=\"article\" \/>\n<meta property=\"og:title\" content=\"Are we ready for self-driving semi-trucks?\" \/>\n<meta property=\"og:description\" content=\"Self-driving trucks may sound like fodder for science fiction, but it will be upon us sooner than you know. Wil Van Winkle breaks it down.\" \/>\n<meta property=\"og:url\" content=\"https:\/\/www.allenandallen.com\/es\/blog\/estamos-preparados-para-los-camiones-semirremolques-autonomos\/\" \/>\n<meta property=\"og:site_name\" content=\"Allen and Allen\" \/>\n<meta property=\"article:published_time\" content=\"2024-12-26T15:12:49+00:00\" \/>\n<meta property=\"og:image\" content=\"https:\/\/www.allenandallen.com\/wp-content\/uploads\/2024\/12\/retro-semi-truck-tractor-night-time-illumination-2023-11-27-04-54-12-utc-min-1-scaled.jpeg\" \/>\n\t<meta property=\"og:image:width\" content=\"2560\" \/>\n\t<meta property=\"og:image:height\" content=\"1707\" \/>\n\t<meta property=\"og:image:type\" content=\"image\/jpeg\" \/>\n<meta name=\"author\" content=\"Fayeruz Regan\" \/>\n<meta name=\"twitter:card\" content=\"summary_large_image\" \/>\n<meta name=\"twitter:creator\" content=\"@allenandallen\" \/>\n<meta name=\"twitter:site\" content=\"@allenandallen\" \/>\n<meta name=\"twitter:label1\" content=\"Written by\" \/>\n\t<meta name=\"twitter:data1\" content=\"Fayeruz Regan\" \/>\n\t<meta name=\"twitter:label2\" content=\"Est. reading time\" \/>\n\t<meta name=\"twitter:data2\" content=\"6 minutes\" \/>\n<!-- \/ Yoast SEO Premium plugin. -->","yoast_head_json":{"title":"\u00bfEstamos preparados para los camiones semirremolques aut\u00f3nomos? | Allen y Allen","description":"Los camiones aut\u00f3nomos pueden sonar a ciencia ficci\u00f3n, pero pronto ser\u00e1n una realidad. Wil Van Winkle nos lo explica.","robots":{"index":"index","follow":"follow","max-snippet":"max-snippet:-1","max-image-preview":"max-image-preview:large","max-video-preview":"max-video-preview:-1"},"canonical":"https:\/\/www.allenandallen.com\/es\/blog\/estamos-preparados-para-los-camiones-semirremolques-autonomos\/","og_locale":"es_ES","og_type":"article","og_title":"Are we ready for self-driving semi-trucks?","og_description":"Self-driving trucks may sound like fodder for science fiction, but it will be upon us sooner than you know. Wil Van Winkle breaks it down.","og_url":"https:\/\/www.allenandallen.com\/es\/blog\/estamos-preparados-para-los-camiones-semirremolques-autonomos\/","og_site_name":"Allen and Allen","article_published_time":"2024-12-26T15:12:49+00:00","og_image":[{"width":2560,"height":1707,"url":"https:\/\/www.allenandallen.com\/wp-content\/uploads\/2024\/12\/retro-semi-truck-tractor-night-time-illumination-2023-11-27-04-54-12-utc-min-1-scaled.jpeg","type":"image\/jpeg"}],"author":"Fayeruz Regan","twitter_card":"summary_large_image","twitter_creator":"@allenandallen","twitter_site":"@allenandallen","twitter_misc":{"Written by":"Fayeruz Regan","Est. reading time":"6 minutes"},"schema":{"@context":"https:\/\/schema.org","@graph":[{"@type":"Article","@id":"https:\/\/www.allenandallen.com\/blog\/are-we-ready-for-self-driving-semi-trucks\/#article","isPartOf":{"@id":"https:\/\/www.allenandallen.com\/blog\/are-we-ready-for-self-driving-semi-trucks\/"},"author":{"name":"Fayeruz Regan","@id":"https:\/\/www.allenandallen.com\/#\/schema\/person\/593d64e503c60b19ed8d959ecd4acdde"},"headline":"Are we ready for self-driving semi-trucks?","datePublished":"2024-12-26T15:12:49+00:00","mainEntityOfPage":{"@id":"https:\/\/www.allenandallen.com\/blog\/are-we-ready-for-self-driving-semi-trucks\/"},"wordCount":1072,"image":{"@id":"https:\/\/www.allenandallen.com\/blog\/are-we-ready-for-self-driving-semi-trucks\/#primaryimage"},"thumbnailUrl":"https:\/\/www.allenandallen.com\/wp-content\/uploads\/2024\/12\/retro-semi-truck-tractor-night-time-illumination-2023-11-27-04-54-12-utc-min-1-300x200.jpeg","articleSection":["Blog"],"inLanguage":"es"},{"@type":"WebPage","@id":"https:\/\/www.allenandallen.com\/blog\/are-we-ready-for-self-driving-semi-trucks\/","url":"https:\/\/www.allenandallen.com\/blog\/are-we-ready-for-self-driving-semi-trucks\/","name":"\u00bfEstamos preparados para los camiones semirremolques aut\u00f3nomos? | Allen y Allen","isPartOf":{"@id":"https:\/\/www.allenandallen.com\/#website"},"primaryImageOfPage":{"@id":"https:\/\/www.allenandallen.com\/blog\/are-we-ready-for-self-driving-semi-trucks\/#primaryimage"},"image":{"@id":"https:\/\/www.allenandallen.com\/blog\/are-we-ready-for-self-driving-semi-trucks\/#primaryimage"},"thumbnailUrl":"https:\/\/www.allenandallen.com\/wp-content\/uploads\/2024\/12\/retro-semi-truck-tractor-night-time-illumination-2023-11-27-04-54-12-utc-min-1-300x200.jpeg","datePublished":"2024-12-26T15:12:49+00:00","author":{"@id":"https:\/\/www.allenandallen.com\/#\/schema\/person\/593d64e503c60b19ed8d959ecd4acdde"},"description":"Los camiones aut\u00f3nomos pueden sonar a ciencia ficci\u00f3n, pero pronto ser\u00e1n una realidad. Wil Van Winkle nos lo explica.","breadcrumb":{"@id":"https:\/\/www.allenandallen.com\/blog\/are-we-ready-for-self-driving-semi-trucks\/#breadcrumb"},"inLanguage":"es","potentialAction":[{"@type":"ReadAction","target":["https:\/\/www.allenandallen.com\/blog\/are-we-ready-for-self-driving-semi-trucks\/"]}]},{"@type":"ImageObject","inLanguage":"es","@id":"https:\/\/www.allenandallen.com\/blog\/are-we-ready-for-self-driving-semi-trucks\/#primaryimage","url":"https:\/\/www.allenandallen.com\/wp-content\/uploads\/2024\/12\/retro-semi-truck-tractor-night-time-illumination-2023-11-27-04-54-12-utc-min-1-300x200.jpeg","contentUrl":"https:\/\/www.allenandallen.com\/wp-content\/uploads\/2024\/12\/retro-semi-truck-tractor-night-time-illumination-2023-11-27-04-54-12-utc-min-1-300x200.jpeg"},{"@type":"BreadcrumbList","@id":"https:\/\/www.allenandallen.com\/blog\/are-we-ready-for-self-driving-semi-trucks\/#breadcrumb","itemListElement":[{"@type":"ListItem","position":1,"name":"Virginia Personal Injury Lawyer","item":"https:\/\/www.allenandallen.com\/"},{"@type":"ListItem","position":2,"name":"Are we ready for self-driving semi-trucks?"}]},{"@type":"WebSite","@id":"https:\/\/www.allenandallen.com\/#website","url":"https:\/\/www.allenandallen.com\/","name":"Allen y Allen","description":"Protegiendo a los heridos desde 1910","potentialAction":[{"@type":"SearchAction","target":{"@type":"EntryPoint","urlTemplate":"https:\/\/www.allenandallen.com\/?s={search_term_string}"},"query-input":{"@type":"PropertyValueSpecification","valueRequired":true,"valueName":"search_term_string"}}],"inLanguage":"es"},{"@type":"Person","@id":"https:\/\/www.allenandallen.com\/#\/schema\/person\/593d64e503c60b19ed8d959ecd4acdde","name":"Fayeruz Regan","image":{"@type":"ImageObject","inLanguage":"es","@id":"https:\/\/secure.gravatar.com\/avatar\/dc2fc1487f614484438423331a07f8f20bbd093c01422c37452bcbf31b9c348c?s=96&d=mm&r=g","url":"https:\/\/secure.gravatar.com\/avatar\/dc2fc1487f614484438423331a07f8f20bbd093c01422c37452bcbf31b9c348c?s=96&d=mm&r=g","contentUrl":"https:\/\/secure.gravatar.com\/avatar\/dc2fc1487f614484438423331a07f8f20bbd093c01422c37452bcbf31b9c348c?s=96&d=mm&r=g","caption":"Fayeruz Regan"},"url":"https:\/\/www.allenandallen.com\/es\/author\/fayeruz-reganallenandallen-com\/"}]}},"_links":{"self":[{"href":"https:\/\/www.allenandallen.com\/es\/wp-json\/wp\/v2\/posts\/51922","targetHints":{"allow":["GET"]}}],"collection":[{"href":"https:\/\/www.allenandallen.com\/es\/wp-json\/wp\/v2\/posts"}],"about":[{"href":"https:\/\/www.allenandallen.com\/es\/wp-json\/wp\/v2\/types\/post"}],"author":[{"embeddable":true,"href":"https:\/\/www.allenandallen.com\/es\/wp-json\/wp\/v2\/users\/20"}],"replies":[{"embeddable":true,"href":"https:\/\/www.allenandallen.com\/es\/wp-json\/wp\/v2\/comments?post=51922"}],"version-history":[{"count":0,"href":"https:\/\/www.allenandallen.com\/es\/wp-json\/wp\/v2\/posts\/51922\/revisions"}],"wp:attachment":[{"href":"https:\/\/www.allenandallen.com\/es\/wp-json\/wp\/v2\/media?parent=51922"}],"wp:term":[{"taxonomy":"category","embeddable":true,"href":"https:\/\/www.allenandallen.com\/es\/wp-json\/wp\/v2\/categories?post=51922"},{"taxonomy":"post_tag","embeddable":true,"href":"https:\/\/www.allenandallen.com\/es\/wp-json\/wp\/v2\/tags?post=51922"}],"curies":[{"name":"Gracias","href":"https:\/\/api.w.org\/{rel}","templated":true}]}}