{"id":40921,"date":"2023-04-04T08:40:20","date_gmt":"2023-04-04T13:40:20","guid":{"rendered":"https:\/\/www.allenandallen.com\/?p=40921"},"modified":"2025-10-27T13:19:11","modified_gmt":"2025-10-27T18:19:11","slug":"segundo-demanda-de-rust-pelicula-rodaje-involucra-alec-baldwin","status":"publish","type":"post","link":"https:\/\/www.allenandallen.com\/es\/blog\/second-lawsuit-from-rust-film-shooting-involves-alec-baldwin\/","title":{"rendered":"La segunda demanda del rodaje de la pel\u00edcula Rust involucra a Alec Baldwin"},"content":{"rendered":"<p>El 9 de febrero de 2023, <a href=\"https:\/\/www.cnbc.com\/2023\/02\/09\/alec-baldwin-sued-halyna-hutchins-rust-shooting.html\">gloria alred<\/a>, en nombre de los padres y la hermana de Halyna Hutchins, present\u00f3 una demanda por homicidio culposo en el Tribunal Superior del Condado de Los \u00c1ngeles. Esta es la segunda demanda que surge del tiroteo mortal que tuvo lugar en el set de <em>\u00d3xido<\/em>. El a\u00f1o pasado, Halyna Hutchins&#039; <a href=\"https:\/\/www.cnn.com\/2022\/10\/05\/entertainment\/alec-baldwin-rust-settlement\/index.html\">viudo<\/a> present\u00f3 una demanda contra Alec Baldwin y otras personas involucradas en la producci\u00f3n. Esa demanda se resolvi\u00f3 m\u00e1s tarde ese a\u00f1o.<\/p>\n<div id=\"attachment_40923\" style=\"width: 640px\" class=\"wp-caption aligncenter\"><img loading=\"lazy\" decoding=\"async\" aria-describedby=\"caption-attachment-40923\" class=\"wp-image-40923\" src=\"https:\/\/www.allenandallen.com\/wp-content\/uploads\/2023\/03\/skynews-baldwin-rust-shooting_6029319-300x169.jpg\" alt=\"Alec Baldwin en Rust\" width=\"630\" height=\"355\" srcset=\"https:\/\/www.allenandallen.com\/wp-content\/uploads\/2023\/03\/skynews-baldwin-rust-shooting_6029319-300x169.jpg 300w, https:\/\/www.allenandallen.com\/wp-content\/uploads\/2023\/03\/skynews-baldwin-rust-shooting_6029319-1024x576.jpg 1024w, https:\/\/www.allenandallen.com\/wp-content\/uploads\/2023\/03\/skynews-baldwin-rust-shooting_6029319-768x432.jpg 768w, https:\/\/www.allenandallen.com\/wp-content\/uploads\/2023\/03\/skynews-baldwin-rust-shooting_6029319-1536x864.jpg 1536w, https:\/\/www.allenandallen.com\/wp-content\/uploads\/2023\/03\/skynews-baldwin-rust-shooting_6029319-18x10.jpg 18w, https:\/\/www.allenandallen.com\/wp-content\/uploads\/2023\/03\/skynews-baldwin-rust-shooting_6029319.jpg 1600w\" sizes=\"auto, (max-width: 630px) 100vw, 630px\" \/><p id=\"caption-attachment-40923\" class=\"wp-caption-text\">Cr\u00e9dito de la foto: Polic\u00eda de Santa Fe<\/p><\/div>\n<p><strong>Esto plantea la pregunta: \u00bfcu\u00e1ntas veces y por cu\u00e1ntos miembros de la familia de Halyna Hutchins pueden demandar a Alec Baldwin por el mismo incidente?<\/strong><\/p>\n<p>Esto depende de un par de factores, que se enumeran a continuaci\u00f3n:<\/p>\n<h3>Consideraci\u00f3n #1: Jurisdicci\u00f3n<\/h3>\n<p>La jurisdicci\u00f3n se ocupa de d\u00f3nde se puede presentar una demanda. En la primera demanda, el viudo de Halyna Hutchins present\u00f3 la demanda en la jurisdicci\u00f3n donde ocurri\u00f3 el tiroteo: en Santa Fe, Nuevo M\u00e9xico. La segunda demanda se present\u00f3 en el condado de Los \u00c1ngeles, California. Aqu\u00ed es donde el <em>\u00d3xido<\/em> tiene su sede la productora. La jurisdicci\u00f3n es importante porque establece el valor predeterminado para cualquier decisi\u00f3n de &quot;elecci\u00f3n de ley&quot;.<\/p>\n<h3>\u00bfQu\u00e9 es una decisi\u00f3n de elecci\u00f3n de ley?<\/h3>\n<p>La elecci\u00f3n de la ley es un conjunto de reglas que se utilizan para seleccionar las leyes de la jurisdicci\u00f3n que se aplicar\u00e1n en una demanda. Las preguntas sobre la elecci\u00f3n de la ley surgen con mayor frecuencia en las demandas de los tribunales federales que se basan en la &quot;diversidad de jurisdicci\u00f3n&quot;, como que el demandante y el demandado sean de diferentes estados. Existe una decisi\u00f3n de elecci\u00f3n de ley si la ley de California es diferente a la ley de Nuevo M\u00e9xico con respecto a otorgar da\u00f1os a los beneficiarios en un caso de muerte por negligencia.<\/p>\n<h3><img loading=\"lazy\" decoding=\"async\" class=\"wp-image-45912 aligncenter\" src=\"https:\/\/www.allenandallen.com\/wp-content\/uploads\/2023\/04\/gun-2065602_640-300x169.jpg\" alt=\"pistola y balas sobre una mesa\" width=\"762\" height=\"429\" srcset=\"https:\/\/www.allenandallen.com\/wp-content\/uploads\/2023\/04\/gun-2065602_640-300x169.jpg 300w, https:\/\/www.allenandallen.com\/wp-content\/uploads\/2023\/04\/gun-2065602_640-18x10.jpg 18w, https:\/\/www.allenandallen.com\/wp-content\/uploads\/2023\/04\/gun-2065602_640.jpg 640w\" sizes=\"auto, (max-width: 762px) 100vw, 762px\" \/><\/h3>\n<h3>Consideraci\u00f3n #2: Beneficiarios por muerte por negligencia<\/h3>\n<p>En los casos de muerte por negligencia, los beneficiarios son las personas identificadas, a menudo por ley, que recibir\u00e1n las ganancias de cualquier acuerdo o veredicto.<\/p>\n<p>Bajo <a href=\"https:\/\/fchclaw.com\/new-mexico-wrongful-death-statute\/#How_Are_Damages_Distributed\">Ley de Nuevo M\u00e9xico<\/a>, el orden de distribuci\u00f3n para los beneficiarios es el siguiente:<\/p>\n<ul>\n<li>Todo al c\u00f3nyuge sup\u00e9rstite si no hay hijos<\/li>\n<li>Si hay un c\u00f3nyuge sobreviviente y uno o m\u00e1s hijos o nietos sobrevivientes, los da\u00f1os se dividen en una mitad para el c\u00f3nyuge sobreviviente y la otra mitad para los hijos y nietos sobrevivientes.<\/li>\n<li>Si no hay c\u00f3nyuge sobreviviente pero hay hijos o nietos sobrevivientes, la indemnizaci\u00f3n por da\u00f1os y perjuicios se divide entre los hijos y nietos sobrevivientes de acuerdo con el derecho de representaci\u00f3n autorizado por la ley de Nuevo M\u00e9xico.<\/li>\n<\/ul>\n<p>Esto significa que solo el c\u00f3nyuge y los hijos de Halyna Hutchins podr\u00edan cobrar los da\u00f1os. Esto tambi\u00e9n explicar\u00eda por qu\u00e9 sus padres y su hermana no formaron parte de la demanda presentada en 2022.<\/p>\n<div id=\"attachment_40926\" style=\"width: 730px\" class=\"wp-caption aligncenter\"><img loading=\"lazy\" decoding=\"async\" aria-describedby=\"caption-attachment-40926\" class=\"wp-image-40926\" src=\"https:\/\/www.allenandallen.com\/wp-content\/uploads\/2023\/03\/halyna-hutchins-lp-today-main-211024-300x150.jpg\" alt=\"Halyna Hutchins, su esposo e hijo\" width=\"720\" height=\"360\" srcset=\"https:\/\/www.allenandallen.com\/wp-content\/uploads\/2023\/03\/halyna-hutchins-lp-today-main-211024-300x150.jpg 300w, https:\/\/www.allenandallen.com\/wp-content\/uploads\/2023\/03\/halyna-hutchins-lp-today-main-211024-1024x512.jpg 1024w, https:\/\/www.allenandallen.com\/wp-content\/uploads\/2023\/03\/halyna-hutchins-lp-today-main-211024-768x384.jpg 768w, https:\/\/www.allenandallen.com\/wp-content\/uploads\/2023\/03\/halyna-hutchins-lp-today-main-211024-1536x768.jpg 1536w, https:\/\/www.allenandallen.com\/wp-content\/uploads\/2023\/03\/halyna-hutchins-lp-today-main-211024-2048x1024.jpg 2048w, https:\/\/www.allenandallen.com\/wp-content\/uploads\/2023\/03\/halyna-hutchins-lp-today-main-211024-18x9.jpg 18w\" sizes=\"auto, (max-width: 720px) 100vw, 720px\" \/><p id=\"caption-attachment-40926\" class=\"wp-caption-text\">Cr\u00e9dito de la foto: mhutchins777 | Instagram<\/p><\/div>\n<p>Seg\u00fan la ley de California, el orden de distribuci\u00f3n para los beneficiarios es el siguiente:<\/p>\n<ul>\n<li>El c\u00f3nyuge sobreviviente, la pareja de hecho, los hijos y cualquier problema de hijos fallecidos<\/li>\n<li>Si no hay hijos sobrevivientes, entonces el c\u00f3nyuge o pareja de hecho sobreviviente seg\u00fan lo establecido por las leyes de sucesi\u00f3n de California<\/li>\n<li>Si depend\u00edan del difunto, hijastros o padres<\/li>\n<li>Un menor que en el momento de la muerte del difunto resid\u00eda durante al menos 180 d\u00edas en el mismo hogar y depend\u00eda del difunto por la mitad o m\u00e1s para su manutenci\u00f3n<\/li>\n<\/ul>\n<p>Esta es probablemente la raz\u00f3n por la que se present\u00f3 la segunda demanda en California. Bajo la ley de Nuevo M\u00e9xico, los padres y la hermana de Halyna Hutchins no ser\u00edan considerados beneficiarios de su demanda por homicidio culposo. Bajo la ley de California, si cumplen con ciertas condiciones, pueden ser considerados beneficiarios.<\/p>\n<h3><img loading=\"lazy\" decoding=\"async\" class=\"wp-image-40928 aligncenter\" src=\"https:\/\/www.allenandallen.com\/wp-content\/uploads\/2023\/03\/the-good-funeral-guide-X8OQkotrp0c-unsplash-300x200.jpg\" alt=\"Familia llora una muerte en una funeraria\" width=\"642\" height=\"428\" srcset=\"https:\/\/www.allenandallen.com\/wp-content\/uploads\/2023\/03\/the-good-funeral-guide-X8OQkotrp0c-unsplash-300x200.jpg 300w, https:\/\/www.allenandallen.com\/wp-content\/uploads\/2023\/03\/the-good-funeral-guide-X8OQkotrp0c-unsplash-18x12.jpg 18w, https:\/\/www.allenandallen.com\/wp-content\/uploads\/2023\/03\/the-good-funeral-guide-X8OQkotrp0c-unsplash.jpg 640w\" sizes=\"auto, (max-width: 642px) 100vw, 642px\" \/><\/h3>\n<h3>Muerte por negligencia y la ley de Virginia<\/h3>\n<p><a href=\"https:\/\/law.lis.virginia.gov\/vacode\/title8.01\/chapter3\/section8.01-53\/\">Bajo la ley de Virginia<\/a>, la esposa y el hijo de Halyna Hutchins podr\u00edan recuperarse. Sus padres tambi\u00e9n podr\u00edan recuperarse, siempre que en los \u00faltimos 12 meses anteriores a su muerte, hayan recibido regularmente apoyo o servicios del difunto. Esto ser\u00eda para necesidades y gastos de manutenci\u00f3n, como comida, vivienda, atenci\u00f3n m\u00e9dica, etc. Seg\u00fan las reglas de Virginia, su hermana no ser\u00eda considerada una beneficiaria.<\/p>\n<p>Independientemente del estado en el que se presente un reclamo por muerte por negligencia, existen muchas reglas que rigen qui\u00e9n puede presentar la demanda y qui\u00e9n puede recibir una recuperaci\u00f3n. Siempre es bueno buscar la asistencia profesional de un abogado para ayudarlo a navegar las luchas legales de una demanda por muerte injusta. Las dificultades emocionales que atraviesan los seres queridos pueden dificultar el papeleo y los asuntos legales.<\/p>\n<p>Si ha perdido a un ser querido debido a la negligencia de otro, puede tener derecho a una compensaci\u00f3n. Llama a\u00a0<a href=\"https:\/\/www.allenandallen.com\/es\/abogados-de-muerte-por-negligencia-en-richmond\/\">abogados compasivos<\/a>\u00a0en Allen &amp; Allen para una consulta gratuita hoy, al 866-388-1307.<\/p>","protected":false},"excerpt":{"rendered":"<p>El 9 de febrero de 2023, Gloria Allred, en nombre de los padres y la hermana de Halyna Hutchins, present\u00f3 una demanda por homicidio culposo en el Tribunal Superior del Condado de Los \u00c1ngeles. Este es el\u2026<\/p>","protected":false},"author":20,"featured_media":0,"comment_status":"closed","ping_status":"closed","sticky":false,"template":"","format":"standard","meta":{"_acf_changed":false,"footnotes":""},"categories":[8],"tags":[],"class_list":["post-40921","post","type-post","status-publish","format-standard","hentry","category-blog"],"acf":[],"yoast_head":"<!-- This site is optimized with the Yoast SEO Premium plugin v27.5 (Yoast SEO v27.5) - https:\/\/yoast.com\/product\/yoast-seo-premium-wordpress\/ -->\n<title>Second lawsuit from Rust film shooting involves Alec Baldwin | Allen and Allen<\/title>\n<meta name=\"description\" content=\"On February 9, 2023, Gloria Allred, on behalf of the parents and sister of Halyna Hutchins, filed a wrongful death lawsuit in Los Angeles County Superior\" \/>\n<meta name=\"robots\" content=\"index, follow, max-snippet:-1, max-image-preview:large, max-video-preview:-1\" \/>\n<link rel=\"canonical\" href=\"https:\/\/www.allenandallen.com\/es\/blog\/segundo-demanda-de-rust-pelicula-rodaje-involucra-alec-baldwin\/\" \/>\n<meta property=\"og:locale\" content=\"es_ES\" \/>\n<meta property=\"og:type\" content=\"article\" \/>\n<meta property=\"og:title\" content=\"Second lawsuit from Rust film shooting involves Alec Baldwin\" \/>\n<meta property=\"og:description\" content=\"On February 9, 2023, Gloria Allred, on behalf of the parents and sister of Halyna Hutchins, filed a wrongful death lawsuit in Los Angeles County Superior\" \/>\n<meta property=\"og:url\" content=\"https:\/\/www.allenandallen.com\/es\/blog\/segundo-demanda-de-rust-pelicula-rodaje-involucra-alec-baldwin\/\" \/>\n<meta property=\"og:site_name\" content=\"Allen and Allen\" \/>\n<meta property=\"article:published_time\" content=\"2023-04-04T13:40:20+00:00\" \/>\n<meta property=\"article:modified_time\" content=\"2025-10-27T18:19:11+00:00\" \/>\n<meta property=\"og:image\" content=\"https:\/\/www.allenandallen.com\/wp-content\/uploads\/2023\/03\/skynews-baldwin-rust-shooting_6029319.jpg\" \/>\n\t<meta property=\"og:image:width\" content=\"1600\" \/>\n\t<meta property=\"og:image:height\" content=\"900\" \/>\n\t<meta property=\"og:image:type\" content=\"image\/jpeg\" \/>\n<meta name=\"author\" content=\"Fayeruz Regan\" \/>\n<meta name=\"twitter:card\" content=\"summary_large_image\" \/>\n<meta name=\"twitter:creator\" content=\"@allenandallen\" \/>\n<meta name=\"twitter:site\" content=\"@allenandallen\" \/>\n<meta name=\"twitter:label1\" content=\"Written by\" \/>\n\t<meta name=\"twitter:data1\" content=\"Fayeruz Regan\" \/>\n\t<meta name=\"twitter:label2\" content=\"Est. reading time\" \/>\n\t<meta name=\"twitter:data2\" content=\"4 minutes\" \/>\n<!-- \/ Yoast SEO Premium plugin. -->","yoast_head_json":{"title":"La segunda demanda del rodaje de la pel\u00edcula Rust involucra a Alec Baldwin | allen y allen","description":"El 9 de febrero de 2023, Gloria Allred, en nombre de los padres y la hermana de Halyna Hutchins, present\u00f3 una demanda por muerte por negligencia en el condado Superior de Los \u00c1ngeles.","robots":{"index":"index","follow":"follow","max-snippet":"max-snippet:-1","max-image-preview":"max-image-preview:large","max-video-preview":"max-video-preview:-1"},"canonical":"https:\/\/www.allenandallen.com\/es\/blog\/segundo-demanda-de-rust-pelicula-rodaje-involucra-alec-baldwin\/","og_locale":"es_ES","og_type":"article","og_title":"Second lawsuit from Rust film shooting involves Alec Baldwin","og_description":"On February 9, 2023, Gloria Allred, on behalf of the parents and sister of Halyna Hutchins, filed a wrongful death lawsuit in Los Angeles County Superior","og_url":"https:\/\/www.allenandallen.com\/es\/blog\/segundo-demanda-de-rust-pelicula-rodaje-involucra-alec-baldwin\/","og_site_name":"Allen and Allen","article_published_time":"2023-04-04T13:40:20+00:00","article_modified_time":"2025-10-27T18:19:11+00:00","og_image":[{"width":1600,"height":900,"url":"https:\/\/www.allenandallen.com\/wp-content\/uploads\/2023\/03\/skynews-baldwin-rust-shooting_6029319.jpg","type":"image\/jpeg"}],"author":"Fayeruz Regan","twitter_card":"summary_large_image","twitter_creator":"@allenandallen","twitter_site":"@allenandallen","twitter_misc":{"Written by":"Fayeruz Regan","Est. reading time":"4 minutes"},"schema":{"@context":"https:\/\/schema.org","@graph":[{"@type":"Article","@id":"https:\/\/www.allenandallen.com\/blog\/second-lawsuit-from-rust-film-shooting-involves-alec-baldwin\/#article","isPartOf":{"@id":"https:\/\/www.allenandallen.com\/blog\/second-lawsuit-from-rust-film-shooting-involves-alec-baldwin\/"},"author":{"name":"Fayeruz Regan","@id":"https:\/\/www.allenandallen.com\/#\/schema\/person\/593d64e503c60b19ed8d959ecd4acdde"},"headline":"Second lawsuit from Rust film shooting involves Alec Baldwin","datePublished":"2023-04-04T13:40:20+00:00","dateModified":"2025-10-27T18:19:11+00:00","mainEntityOfPage":{"@id":"https:\/\/www.allenandallen.com\/blog\/second-lawsuit-from-rust-film-shooting-involves-alec-baldwin\/"},"wordCount":728,"image":{"@id":"https:\/\/www.allenandallen.com\/blog\/second-lawsuit-from-rust-film-shooting-involves-alec-baldwin\/#primaryimage"},"thumbnailUrl":"https:\/\/www.allenandallen.com\/wp-content\/uploads\/2023\/03\/skynews-baldwin-rust-shooting_6029319-300x169.jpg","articleSection":["Blog"],"inLanguage":"es"},{"@type":"WebPage","@id":"https:\/\/www.allenandallen.com\/blog\/second-lawsuit-from-rust-film-shooting-involves-alec-baldwin\/","url":"https:\/\/www.allenandallen.com\/blog\/second-lawsuit-from-rust-film-shooting-involves-alec-baldwin\/","name":"La segunda demanda del rodaje de la pel\u00edcula Rust involucra a Alec Baldwin | allen y allen","isPartOf":{"@id":"https:\/\/www.allenandallen.com\/#website"},"primaryImageOfPage":{"@id":"https:\/\/www.allenandallen.com\/blog\/second-lawsuit-from-rust-film-shooting-involves-alec-baldwin\/#primaryimage"},"image":{"@id":"https:\/\/www.allenandallen.com\/blog\/second-lawsuit-from-rust-film-shooting-involves-alec-baldwin\/#primaryimage"},"thumbnailUrl":"https:\/\/www.allenandallen.com\/wp-content\/uploads\/2023\/03\/skynews-baldwin-rust-shooting_6029319-300x169.jpg","datePublished":"2023-04-04T13:40:20+00:00","dateModified":"2025-10-27T18:19:11+00:00","author":{"@id":"https:\/\/www.allenandallen.com\/#\/schema\/person\/593d64e503c60b19ed8d959ecd4acdde"},"description":"El 9 de febrero de 2023, Gloria Allred, en nombre de los padres y la hermana de Halyna Hutchins, present\u00f3 una demanda por muerte por negligencia en el condado Superior de Los \u00c1ngeles.","breadcrumb":{"@id":"https:\/\/www.allenandallen.com\/blog\/second-lawsuit-from-rust-film-shooting-involves-alec-baldwin\/#breadcrumb"},"inLanguage":"es","potentialAction":[{"@type":"ReadAction","target":["https:\/\/www.allenandallen.com\/blog\/second-lawsuit-from-rust-film-shooting-involves-alec-baldwin\/"]}]},{"@type":"ImageObject","inLanguage":"es","@id":"https:\/\/www.allenandallen.com\/blog\/second-lawsuit-from-rust-film-shooting-involves-alec-baldwin\/#primaryimage","url":"https:\/\/www.allenandallen.com\/wp-content\/uploads\/2023\/03\/skynews-baldwin-rust-shooting_6029319-300x169.jpg","contentUrl":"https:\/\/www.allenandallen.com\/wp-content\/uploads\/2023\/03\/skynews-baldwin-rust-shooting_6029319-300x169.jpg"},{"@type":"BreadcrumbList","@id":"https:\/\/www.allenandallen.com\/blog\/second-lawsuit-from-rust-film-shooting-involves-alec-baldwin\/#breadcrumb","itemListElement":[{"@type":"ListItem","position":1,"name":"Virginia Personal Injury Lawyer","item":"https:\/\/www.allenandallen.com\/"},{"@type":"ListItem","position":2,"name":"Second lawsuit from Rust film shooting involves Alec Baldwin"}]},{"@type":"WebSite","@id":"https:\/\/www.allenandallen.com\/#website","url":"https:\/\/www.allenandallen.com\/","name":"Allen y Allen","description":"Protegiendo a los heridos desde 1910","potentialAction":[{"@type":"SearchAction","target":{"@type":"EntryPoint","urlTemplate":"https:\/\/www.allenandallen.com\/?s={search_term_string}"},"query-input":{"@type":"PropertyValueSpecification","valueRequired":true,"valueName":"search_term_string"}}],"inLanguage":"es"},{"@type":"Person","@id":"https:\/\/www.allenandallen.com\/#\/schema\/person\/593d64e503c60b19ed8d959ecd4acdde","name":"Fayeruz Regan","image":{"@type":"ImageObject","inLanguage":"es","@id":"https:\/\/secure.gravatar.com\/avatar\/dc2fc1487f614484438423331a07f8f20bbd093c01422c37452bcbf31b9c348c?s=96&d=mm&r=g","url":"https:\/\/secure.gravatar.com\/avatar\/dc2fc1487f614484438423331a07f8f20bbd093c01422c37452bcbf31b9c348c?s=96&d=mm&r=g","contentUrl":"https:\/\/secure.gravatar.com\/avatar\/dc2fc1487f614484438423331a07f8f20bbd093c01422c37452bcbf31b9c348c?s=96&d=mm&r=g","caption":"Fayeruz Regan"},"url":"https:\/\/www.allenandallen.com\/es\/author\/fayeruz-reganallenandallen-com\/"}]}},"_links":{"self":[{"href":"https:\/\/www.allenandallen.com\/es\/wp-json\/wp\/v2\/posts\/40921","targetHints":{"allow":["GET"]}}],"collection":[{"href":"https:\/\/www.allenandallen.com\/es\/wp-json\/wp\/v2\/posts"}],"about":[{"href":"https:\/\/www.allenandallen.com\/es\/wp-json\/wp\/v2\/types\/post"}],"author":[{"embeddable":true,"href":"https:\/\/www.allenandallen.com\/es\/wp-json\/wp\/v2\/users\/20"}],"replies":[{"embeddable":true,"href":"https:\/\/www.allenandallen.com\/es\/wp-json\/wp\/v2\/comments?post=40921"}],"version-history":[{"count":0,"href":"https:\/\/www.allenandallen.com\/es\/wp-json\/wp\/v2\/posts\/40921\/revisions"}],"wp:attachment":[{"href":"https:\/\/www.allenandallen.com\/es\/wp-json\/wp\/v2\/media?parent=40921"}],"wp:term":[{"taxonomy":"category","embeddable":true,"href":"https:\/\/www.allenandallen.com\/es\/wp-json\/wp\/v2\/categories?post=40921"},{"taxonomy":"post_tag","embeddable":true,"href":"https:\/\/www.allenandallen.com\/es\/wp-json\/wp\/v2\/tags?post=40921"}],"curies":[{"name":"Gracias","href":"https:\/\/api.w.org\/{rel}","templated":true}]}}