{"id":33756,"date":"2022-04-01T08:37:57","date_gmt":"2022-04-01T13:37:57","guid":{"rendered":"https:\/\/www.allenandallen.com\/?p=33756"},"modified":"2025-10-27T13:21:36","modified_gmt":"2025-10-27T18:21:36","slug":"dispositivos-de-reemplazo-de-cadera-exactech-retirados-del-mercado","status":"publish","type":"post","link":"https:\/\/www.allenandallen.com\/es\/blog\/recalled-exactech-hip-replacement-devices\/","title":{"rendered":"Retirado del mercado: dispositivos de reemplazo de cadera Exactech"},"content":{"rendered":"<p>Recientemente, cubr\u00ed el retiro de Exactech para <a href=\"https:\/\/www.allenandallen.com\/es\/blog\/retiran-del-mercado-los-implantes-de-rodilla-y-tobillo-de-exactech\/\">reemplazos de rodilla y tobillo<\/a>. Hay un nuevo desarrollo en torno a los dispositivos de reemplazo de cadera de Exactech: se ha descubierto que son defectuosos.<\/p>\n<p><img loading=\"lazy\" decoding=\"async\" class=\"wp-image-33758 aligncenter\" src=\"https:\/\/www.allenandallen.com\/wp-content\/uploads\/2022\/03\/hip-replacement@large-300x265.jpg\" alt=\"Retiro del reemplazo de cadera de Exactech\" width=\"541\" height=\"478\" srcset=\"https:\/\/www.allenandallen.com\/wp-content\/uploads\/2022\/03\/hip-replacement@large-300x265.jpg 300w, https:\/\/www.allenandallen.com\/wp-content\/uploads\/2022\/03\/hip-replacement@large-768x679.jpg 768w, https:\/\/www.allenandallen.com\/wp-content\/uploads\/2022\/03\/hip-replacement@large.jpg 1000w\" sizes=\"auto, (max-width: 541px) 100vw, 541px\" \/><\/p>\n<p>Cuando una persona necesita un reemplazo de cadera o articulaci\u00f3n, a menudo experimenta una mala calidad de vida. La movilidad limitada y el dolor cr\u00f3nico no son solo impedimentos f\u00edsicos, sino que el dolor cr\u00f3nico puede tener un impacto devastador en el propio <a href=\"https:\/\/www.mhanational.org\/chronic-pain-and-mental-health\">salud mental<\/a>.<\/p>\n<p><strong>\u00bfPor qu\u00e9 Exactech retir\u00f3 sus dispositivos de reemplazo de cadera?<\/strong><\/p>\n<p>Los dispositivos de reemplazo de cadera de Exactech promet\u00edan a muchos pacientes una nueva oportunidad de vida, solo para que el dispositivo fallara por desgaste dentro de los cinco a\u00f1os, una vida \u00fatil muy corta para tales procedimientos.<\/p>\n<p>La empresa retir\u00f3 del mercado su revestimiento de polietileno acetabular Connexion GXL en junio de 2021. Este revestimiento se usa en dispositivos de implantes de cadera, pero fue retirado del mercado debido a un desgaste prematuro.<\/p>\n<p>Si bien Exactech afirm\u00f3 que el riesgo de sobrecarga en los bordes y el desgaste prematuro de la pr\u00f3tesis solo era posible en ciertos subgrupos de pacientes (como los que tienen configuraciones de implante espec\u00edficas), los estudios han mostrado una historia diferente.<\/p>\n<p><img loading=\"lazy\" decoding=\"async\" class=\"wp-image-33759 aligncenter\" src=\"https:\/\/www.allenandallen.com\/wp-content\/uploads\/2022\/03\/steven-hwg-zBsdRTHIIm4-unsplash-300x200.jpg\" alt=\"mujer en silla de ruedas pr\u00f3tesis de cadera\" width=\"581\" height=\"387\" srcset=\"https:\/\/www.allenandallen.com\/wp-content\/uploads\/2022\/03\/steven-hwg-zBsdRTHIIm4-unsplash-300x200.jpg 300w, https:\/\/www.allenandallen.com\/wp-content\/uploads\/2022\/03\/steven-hwg-zBsdRTHIIm4-unsplash.jpg 640w\" sizes=\"auto, (max-width: 581px) 100vw, 581px\" \/><\/p>\n<p>Ahora se ha demostrado que existe un v\u00ednculo general entre el revestimiento Connexion GXL y el desgaste temprano catastr\u00f3fico del polietileno. A trav\u00e9s de estos estudios, hemos descubierto que la duraci\u00f3n promedio de tiempo entre el implante de cadera inicial y el diagn\u00f3stico de falla del revestimiento del implante de cadera fue de cinco a\u00f1os o menos. Este es un lapso de tiempo incre\u00edblemente corto.<\/p>\n<p><strong>\u00bfQu\u00e9 puedo hacer si falla mi reemplazo de cadera Exactech?<\/strong><\/p>\n<p>Muchas personas han sufrido dolores catastr\u00f3ficos y lesiones debido a la falla del dispositivo, que es lo \u00faltimo que necesita un paciente despu\u00e9s de haber pasado por una cirug\u00eda y rehabilitaci\u00f3n.<\/p>\n<p>Si usted o un ser querido tiene preguntas sobre su dispositivo m\u00e9dico Exactech, ya sea para reemplazos de tobillo, rodilla o cadera, los abogados de responsabilidad por productos defectuosos de Allen &amp; Allen estar\u00e1n encantados de hablar con usted. Y si ha experimentado una falla en el dispositivo por parte de Exactech, es posible que tenga derecho a una compensaci\u00f3n. Para una consulta gratuita, llame hoy al 866-388-1307.<\/p>\n<p>&nbsp;<\/p>","protected":false},"excerpt":{"rendered":"<p>Recientemente, cubr\u00ed el retiro del mercado de Exactech para reemplazos de rodilla y tobillo. Hay un nuevo desarrollo en torno a los dispositivos de reemplazo de cadera de Exactech: se ha descubierto que son defectuosos. Cu\u00e1ndo\u2026<\/p>","protected":false},"author":20,"featured_media":0,"comment_status":"closed","ping_status":"closed","sticky":false,"template":"","format":"standard","meta":{"_acf_changed":false,"footnotes":""},"categories":[8],"tags":[],"class_list":["post-33756","post","type-post","status-publish","format-standard","hentry","category-blog"],"acf":[],"yoast_head":"<!-- This site is optimized with the Yoast SEO Premium plugin v27.5 (Yoast SEO v27.5) - https:\/\/yoast.com\/product\/yoast-seo-premium-wordpress\/ -->\n<title>Recalled: Exactech hip replacement devices | Allen and Allen<\/title>\n<meta name=\"description\" content=\"Exactech has recalled their hip replacement devices. Get the details to see if you or a loved one have been implemented with a faulty device.\" \/>\n<meta name=\"robots\" content=\"index, follow, max-snippet:-1, max-image-preview:large, max-video-preview:-1\" \/>\n<link rel=\"canonical\" href=\"https:\/\/www.allenandallen.com\/es\/blog\/dispositivos-de-reemplazo-de-cadera-exactech-retirados-del-mercado\/\" \/>\n<meta property=\"og:locale\" content=\"es_ES\" \/>\n<meta property=\"og:type\" content=\"article\" \/>\n<meta property=\"og:title\" content=\"Recalled: Exactech hip replacement devices\" \/>\n<meta property=\"og:description\" content=\"Exactech has recalled their hip replacement devices. Get the details to see if you or a loved one have been implemented with a faulty device.\" \/>\n<meta property=\"og:url\" content=\"https:\/\/www.allenandallen.com\/es\/blog\/dispositivos-de-reemplazo-de-cadera-exactech-retirados-del-mercado\/\" \/>\n<meta property=\"og:site_name\" content=\"Allen and Allen\" \/>\n<meta property=\"article:published_time\" content=\"2022-04-01T13:37:57+00:00\" \/>\n<meta property=\"article:modified_time\" content=\"2025-10-27T18:21:36+00:00\" \/>\n<meta property=\"og:image\" content=\"https:\/\/www.allenandallen.com\/wp-content\/uploads\/2022\/03\/hip-replacement@large.jpg\" \/>\n\t<meta property=\"og:image:width\" content=\"1000\" \/>\n\t<meta property=\"og:image:height\" content=\"884\" \/>\n\t<meta property=\"og:image:type\" content=\"image\/jpeg\" \/>\n<meta name=\"author\" content=\"Fayeruz Regan\" \/>\n<meta name=\"twitter:card\" content=\"summary_large_image\" \/>\n<meta name=\"twitter:creator\" content=\"@allenandallen\" \/>\n<meta name=\"twitter:site\" content=\"@allenandallen\" \/>\n<meta name=\"twitter:label1\" content=\"Written by\" \/>\n\t<meta name=\"twitter:data1\" content=\"Fayeruz Regan\" \/>\n\t<meta name=\"twitter:label2\" content=\"Est. reading time\" \/>\n\t<meta name=\"twitter:data2\" content=\"2 minutes\" \/>\n<!-- \/ Yoast SEO Premium plugin. -->","yoast_head_json":{"title":"Retiro del mercado: dispositivos de reemplazo de cadera Exactech | allen y allen","description":"Exactech ha retirado del mercado sus dispositivos de reemplazo de cadera. Obtenga los detalles para ver si usted o un ser querido han sido implementados con un dispositivo defectuoso.","robots":{"index":"index","follow":"follow","max-snippet":"max-snippet:-1","max-image-preview":"max-image-preview:large","max-video-preview":"max-video-preview:-1"},"canonical":"https:\/\/www.allenandallen.com\/es\/blog\/dispositivos-de-reemplazo-de-cadera-exactech-retirados-del-mercado\/","og_locale":"es_ES","og_type":"article","og_title":"Recalled: Exactech hip replacement devices","og_description":"Exactech has recalled their hip replacement devices. Get the details to see if you or a loved one have been implemented with a faulty device.","og_url":"https:\/\/www.allenandallen.com\/es\/blog\/dispositivos-de-reemplazo-de-cadera-exactech-retirados-del-mercado\/","og_site_name":"Allen and Allen","article_published_time":"2022-04-01T13:37:57+00:00","article_modified_time":"2025-10-27T18:21:36+00:00","og_image":[{"width":1000,"height":884,"url":"https:\/\/www.allenandallen.com\/wp-content\/uploads\/2022\/03\/hip-replacement@large.jpg","type":"image\/jpeg"}],"author":"Fayeruz Regan","twitter_card":"summary_large_image","twitter_creator":"@allenandallen","twitter_site":"@allenandallen","twitter_misc":{"Written by":"Fayeruz Regan","Est. reading time":"2 minutes"},"schema":{"@context":"https:\/\/schema.org","@graph":[{"@type":"Article","@id":"https:\/\/www.allenandallen.com\/blog\/recalled-exactech-hip-replacement-devices\/#article","isPartOf":{"@id":"https:\/\/www.allenandallen.com\/blog\/recalled-exactech-hip-replacement-devices\/"},"author":{"name":"Fayeruz Regan","@id":"https:\/\/www.allenandallen.com\/#\/schema\/person\/593d64e503c60b19ed8d959ecd4acdde"},"headline":"Recalled: Exactech hip replacement devices","datePublished":"2022-04-01T13:37:57+00:00","dateModified":"2025-10-27T18:21:36+00:00","mainEntityOfPage":{"@id":"https:\/\/www.allenandallen.com\/blog\/recalled-exactech-hip-replacement-devices\/"},"wordCount":329,"image":{"@id":"https:\/\/www.allenandallen.com\/blog\/recalled-exactech-hip-replacement-devices\/#primaryimage"},"thumbnailUrl":"https:\/\/www.allenandallen.com\/wp-content\/uploads\/2022\/03\/hip-replacement@large-300x265.jpg","articleSection":["Blog"],"inLanguage":"es"},{"@type":"WebPage","@id":"https:\/\/www.allenandallen.com\/blog\/recalled-exactech-hip-replacement-devices\/","url":"https:\/\/www.allenandallen.com\/blog\/recalled-exactech-hip-replacement-devices\/","name":"Retiro del mercado: dispositivos de reemplazo de cadera Exactech | allen y allen","isPartOf":{"@id":"https:\/\/www.allenandallen.com\/#website"},"primaryImageOfPage":{"@id":"https:\/\/www.allenandallen.com\/blog\/recalled-exactech-hip-replacement-devices\/#primaryimage"},"image":{"@id":"https:\/\/www.allenandallen.com\/blog\/recalled-exactech-hip-replacement-devices\/#primaryimage"},"thumbnailUrl":"https:\/\/www.allenandallen.com\/wp-content\/uploads\/2022\/03\/hip-replacement@large-300x265.jpg","datePublished":"2022-04-01T13:37:57+00:00","dateModified":"2025-10-27T18:21:36+00:00","author":{"@id":"https:\/\/www.allenandallen.com\/#\/schema\/person\/593d64e503c60b19ed8d959ecd4acdde"},"description":"Exactech ha retirado del mercado sus dispositivos de reemplazo de cadera. Obtenga los detalles para ver si usted o un ser querido han sido implementados con un dispositivo defectuoso.","breadcrumb":{"@id":"https:\/\/www.allenandallen.com\/blog\/recalled-exactech-hip-replacement-devices\/#breadcrumb"},"inLanguage":"es","potentialAction":[{"@type":"ReadAction","target":["https:\/\/www.allenandallen.com\/blog\/recalled-exactech-hip-replacement-devices\/"]}]},{"@type":"ImageObject","inLanguage":"es","@id":"https:\/\/www.allenandallen.com\/blog\/recalled-exactech-hip-replacement-devices\/#primaryimage","url":"https:\/\/www.allenandallen.com\/wp-content\/uploads\/2022\/03\/hip-replacement@large-300x265.jpg","contentUrl":"https:\/\/www.allenandallen.com\/wp-content\/uploads\/2022\/03\/hip-replacement@large-300x265.jpg"},{"@type":"BreadcrumbList","@id":"https:\/\/www.allenandallen.com\/blog\/recalled-exactech-hip-replacement-devices\/#breadcrumb","itemListElement":[{"@type":"ListItem","position":1,"name":"Virginia Personal Injury Lawyer","item":"https:\/\/www.allenandallen.com\/"},{"@type":"ListItem","position":2,"name":"Recalled: Exactech hip replacement devices"}]},{"@type":"WebSite","@id":"https:\/\/www.allenandallen.com\/#website","url":"https:\/\/www.allenandallen.com\/","name":"Allen y Allen","description":"Protegiendo a los heridos desde 1910","potentialAction":[{"@type":"SearchAction","target":{"@type":"EntryPoint","urlTemplate":"https:\/\/www.allenandallen.com\/?s={search_term_string}"},"query-input":{"@type":"PropertyValueSpecification","valueRequired":true,"valueName":"search_term_string"}}],"inLanguage":"es"},{"@type":"Person","@id":"https:\/\/www.allenandallen.com\/#\/schema\/person\/593d64e503c60b19ed8d959ecd4acdde","name":"Fayeruz Regan","image":{"@type":"ImageObject","inLanguage":"es","@id":"https:\/\/secure.gravatar.com\/avatar\/dc2fc1487f614484438423331a07f8f20bbd093c01422c37452bcbf31b9c348c?s=96&d=mm&r=g","url":"https:\/\/secure.gravatar.com\/avatar\/dc2fc1487f614484438423331a07f8f20bbd093c01422c37452bcbf31b9c348c?s=96&d=mm&r=g","contentUrl":"https:\/\/secure.gravatar.com\/avatar\/dc2fc1487f614484438423331a07f8f20bbd093c01422c37452bcbf31b9c348c?s=96&d=mm&r=g","caption":"Fayeruz Regan"},"url":"https:\/\/www.allenandallen.com\/es\/author\/fayeruz-reganallenandallen-com\/"}]}},"_links":{"self":[{"href":"https:\/\/www.allenandallen.com\/es\/wp-json\/wp\/v2\/posts\/33756","targetHints":{"allow":["GET"]}}],"collection":[{"href":"https:\/\/www.allenandallen.com\/es\/wp-json\/wp\/v2\/posts"}],"about":[{"href":"https:\/\/www.allenandallen.com\/es\/wp-json\/wp\/v2\/types\/post"}],"author":[{"embeddable":true,"href":"https:\/\/www.allenandallen.com\/es\/wp-json\/wp\/v2\/users\/20"}],"replies":[{"embeddable":true,"href":"https:\/\/www.allenandallen.com\/es\/wp-json\/wp\/v2\/comments?post=33756"}],"version-history":[{"count":0,"href":"https:\/\/www.allenandallen.com\/es\/wp-json\/wp\/v2\/posts\/33756\/revisions"}],"wp:attachment":[{"href":"https:\/\/www.allenandallen.com\/es\/wp-json\/wp\/v2\/media?parent=33756"}],"wp:term":[{"taxonomy":"category","embeddable":true,"href":"https:\/\/www.allenandallen.com\/es\/wp-json\/wp\/v2\/categories?post=33756"},{"taxonomy":"post_tag","embeddable":true,"href":"https:\/\/www.allenandallen.com\/es\/wp-json\/wp\/v2\/tags?post=33756"}],"curies":[{"name":"Gracias","href":"https:\/\/api.w.org\/{rel}","templated":true}]}}