{"id":33711,"date":"2022-04-26T07:57:46","date_gmt":"2022-04-26T12:57:46","guid":{"rendered":"https:\/\/www.allenandallen.com\/?p=33711"},"modified":"2025-11-12T12:54:40","modified_gmt":"2025-11-12T17:54:40","slug":"las-muertes-por-accidentes-de-trafico-aumentaron-en-virginia-durante-la-pandemia","status":"publish","type":"post","link":"https:\/\/www.allenandallen.com\/es\/blog\/traffic-fatalities-increased-in-virginia-during-the-pandemic\/","title":{"rendered":"Muertes de tr\u00e1fico aumentaron en Virginia durante la pandemia"},"content":{"rendered":"<p>Las muertes por accidentes automovil\u00edsticos han ido disminuyendo en los Estados Unidos durante los \u00faltimos 50 a\u00f1os. Los avances significativos en la seguridad de los autom\u00f3viles y las leyes de tr\u00e1nsito, as\u00ed como la disminuci\u00f3n de las muertes por conductores en estado de ebriedad, han contribuido a <a href=\"https:\/\/crashstats.nhtsa.dot.gov\/Api\/Public\/ViewPublication\/811346\">menos<\/a> muertes<\/p>\n<p><img loading=\"lazy\" decoding=\"async\" class=\"wp-image-33715 aligncenter\" src=\"https:\/\/www.allenandallen.com\/wp-content\/uploads\/2022\/04\/female-young-victim-of-the-accident-lies-on-a-stre-2021-08-28-11-59-46-utc-min-300x200.jpg\" alt=\"ni\u00f1a de accidente de tr\u00e1fico en ambulancia\" width=\"695\" height=\"463\" srcset=\"https:\/\/www.allenandallen.com\/wp-content\/uploads\/2022\/04\/female-young-victim-of-the-accident-lies-on-a-stre-2021-08-28-11-59-46-utc-min-300x200.jpg 300w, https:\/\/www.allenandallen.com\/wp-content\/uploads\/2022\/04\/female-young-victim-of-the-accident-lies-on-a-stre-2021-08-28-11-59-46-utc-min-1024x683.jpg 1024w, https:\/\/www.allenandallen.com\/wp-content\/uploads\/2022\/04\/female-young-victim-of-the-accident-lies-on-a-stre-2021-08-28-11-59-46-utc-min-768x512.jpg 768w, https:\/\/www.allenandallen.com\/wp-content\/uploads\/2022\/04\/female-young-victim-of-the-accident-lies-on-a-stre-2021-08-28-11-59-46-utc-min-1536x1024.jpg 1536w, https:\/\/www.allenandallen.com\/wp-content\/uploads\/2022\/04\/female-young-victim-of-the-accident-lies-on-a-stre-2021-08-28-11-59-46-utc-min-2048x1365.jpg 2048w\" sizes=\"auto, (max-width: 695px) 100vw, 695px\" \/><\/p>\n<h3>Estad\u00edsticas de v\u00edctimas mortales de tr\u00e1fico durante la pandemia<\/h3>\n<p>Lamentablemente, la pandemia de COVID-19 ha revertido esa tendencia en todo el pa\u00eds, y Virginia no es la excepci\u00f3n. En 2019, el \u00faltimo a\u00f1o antes de la pandemia, 827 personas fallecieron en las carreteras de Virginia. En 2020, el primer a\u00f1o de la pandemia, se registraron 847 muertes, un aumento del 21% con respecto a 2019.<\/p>\n<p>En Virginia se registraron m\u00e1s muertes por accidentes de tr\u00e1fico a lo largo de 2020, a pesar de que el n\u00famero total de millas recorridas por los estadounidenses en todo el pa\u00eds disminuy\u00f3 dr\u00e1sticamente ese mismo a\u00f1o. Seg\u00fan la Oficina de Estad\u00edsticas de Transporte del Departamento de Transporte de Estados Unidos, los conductores estadounidenses recorrieron 3,261 billones de millas en todo el pa\u00eds en 2019, pero solo 2,905 billones de millas en 2020.<\/p>\n<p>Las muertes tambi\u00e9n aumentaron a pesar de que se reportaron significativamente menos accidentes automovil\u00edsticos en todo el estado en 2020. Se reportaron 128,172 accidentes automovil\u00edsticos en Virginia en 2019, pero solo 105,600 en 2020. Por lo tanto, aunque los accidentes disminuyeron en 21% de 2019 a 2020, las muertes aumentaron en 2%.<\/p>\n<p>En 2021, el segundo a\u00f1o de la pandemia, las muertes por accidentes de tr\u00e1fico en Virginia aumentaron dr\u00e1sticamente. 967 automovilistas perdieron la vida en 2021, lo que representa un aumento de 151.000 a 51.000 con respecto a 2020. El total de kil\u00f3metros recorridos en todo el pa\u00eds se recuper\u00f3 hasta alcanzar los 3,227 billones, pero a\u00fan hab\u00eda menos coches en las carreteras en 2021, en comparaci\u00f3n con 2019, cuando se registraron menos v\u00edctimas mortales.<\/p>\n<p>Un an\u00e1lisis del New York Times de datos a nivel nacional encontr\u00f3 que las muertes por veh\u00edculos per c\u00e1pita aumentaron 17,5% de 2019 a 2021. Se trata del mayor aumento en dos a\u00f1os desde finales de la d\u00e9cada de 1940.<\/p>\n<h3>\u00bfQu\u00e9 est\u00e1 pasando?<\/h3>\n<h3><img loading=\"lazy\" decoding=\"async\" class=\"wp-image-33716 aligncenter\" src=\"https:\/\/www.allenandallen.com\/wp-content\/uploads\/2022\/04\/young-man-with-mask-for-protection-from-corona-vir-2021-08-28-00-50-48-utc-min-300x200.jpg\" alt=\"hombre con m\u00e1scara de covid\" width=\"655\" height=\"436\" srcset=\"https:\/\/www.allenandallen.com\/wp-content\/uploads\/2022\/04\/young-man-with-mask-for-protection-from-corona-vir-2021-08-28-00-50-48-utc-min-300x200.jpg 300w, https:\/\/www.allenandallen.com\/wp-content\/uploads\/2022\/04\/young-man-with-mask-for-protection-from-corona-vir-2021-08-28-00-50-48-utc-min-1024x683.jpg 1024w, https:\/\/www.allenandallen.com\/wp-content\/uploads\/2022\/04\/young-man-with-mask-for-protection-from-corona-vir-2021-08-28-00-50-48-utc-min-1536x1025.jpg 1536w, https:\/\/www.allenandallen.com\/wp-content\/uploads\/2022\/04\/young-man-with-mask-for-protection-from-corona-vir-2021-08-28-00-50-48-utc-min-2048x1367.jpg 2048w\" sizes=\"auto, (max-width: 655px) 100vw, 655px\" \/><\/h3>\n<p><strong>\u00a0<\/strong>La frustraci\u00f3n, probablemente impulsada por los protocolos y restricciones pand\u00e9micos, puede estar impulsando el aumento de muertes. Art Markman, cient\u00edfico cognitivo de la Universidad de Texas en Austin, informa que esta frustraci\u00f3n proviene de \u201cdos a\u00f1os de tener que abstenernos de hacer las cosas que nos gustar\u00eda hacer. Cuando te enojas en el auto, genera energ\u00eda, \u00bfy c\u00f3mo disipas esa energ\u00eda? Una forma es pisar un poco m\u00e1s el pie del acelerador\u201d.<\/p>\n<p>La teor\u00eda de Markman parece estar respaldada por las estad\u00edsticas. En 2020, <a href=\"https:\/\/www.wsls.com\/news\/virginia\/2021\/07\/02\/virginia-saw-more-deadly-crashes-with-speed-related-fatalities-reaching-a-10-year-high-in-2020\/\">muertes relacionadas con la velocidad<\/a> en Virginia aument\u00f3 en 16% a 406, lo que represent\u00f3 casi la mitad del total de muertes ese a\u00f1o.<\/p>\n<p>\u201cLamentablemente, algunos conductores vieron los carriles vac\u00edos y las carreteras despejadas, resultado de los confinamientos por la pandemia, como una invitaci\u00f3n a comportarse de manera irresponsable y peligrosa al volante\u201d, dijo Morgan Dean, portavoz de AAA Mid-Atlantic.<\/p>\n<p><img loading=\"lazy\" decoding=\"async\" class=\"wp-image-33717 aligncenter\" src=\"https:\/\/www.allenandallen.com\/wp-content\/uploads\/2022\/04\/angry-muslim-woman-in-hijab-driving-her-car-and-ar-2022-02-03-03-00-14-utc-min-300x200.jpg\" alt=\"conductor enojado\" width=\"644\" height=\"429\" srcset=\"https:\/\/www.allenandallen.com\/wp-content\/uploads\/2022\/04\/angry-muslim-woman-in-hijab-driving-her-car-and-ar-2022-02-03-03-00-14-utc-min-300x200.jpg 300w, https:\/\/www.allenandallen.com\/wp-content\/uploads\/2022\/04\/angry-muslim-woman-in-hijab-driving-her-car-and-ar-2022-02-03-03-00-14-utc-min-1024x683.jpg 1024w, https:\/\/www.allenandallen.com\/wp-content\/uploads\/2022\/04\/angry-muslim-woman-in-hijab-driving-her-car-and-ar-2022-02-03-03-00-14-utc-min-768x512.jpg 768w, https:\/\/www.allenandallen.com\/wp-content\/uploads\/2022\/04\/angry-muslim-woman-in-hijab-driving-her-car-and-ar-2022-02-03-03-00-14-utc-min-1536x1024.jpg 1536w, https:\/\/www.allenandallen.com\/wp-content\/uploads\/2022\/04\/angry-muslim-woman-in-hijab-driving-her-car-and-ar-2022-02-03-03-00-14-utc-min-2048x1365.jpg 2048w\" sizes=\"auto, (max-width: 644px) 100vw, 644px\" \/><\/p>\n<h3>Principales factores que causan muertes de tr\u00e1nsito durante la pandemia<\/h3>\n<p>Dean describi\u00f3 cuatro factores que jugaron un papel en el aumento de las muertes por accidentes de tr\u00e1fico en 2020 y 2021:<\/p>\n<ul>\n<li>Exceso de velocidad<\/li>\n<li>Conducci\u00f3n agresiva\/imprudente<\/li>\n<li>consumo de alcohol<\/li>\n<li>No usar cinturones de seguridad<\/li>\n<\/ul>\n<p>El Departamento de Transporte de EE. UU. tambi\u00e9n inform\u00f3 que las tasas de conductores discapacitados debido al uso de opi\u00e1ceos y marihuana aumentaron dr\u00e1sticamente despu\u00e9s de mediados de marzo de 2020. Eso, sin duda, ha contribuido al problema.<\/p>\n<p>Abr\u00f3chese el cintur\u00f3n de seguridad, disminuya la velocidad, evite la conducci\u00f3n agresiva y no conduzca ebrio. Juntos, esperamos que podamos revertir estas tendencias alarmantes en 2022.<\/p>\n<p>&nbsp;<\/p>","protected":false},"excerpt":{"rendered":"<p>Las muertes por accidentes automovil\u00edsticos han disminuido en los Estados Unidos durante los \u00faltimos 50 a\u00f1os. Avances significativos en la seguridad del autom\u00f3vil y las leyes de tr\u00e1nsito, as\u00ed como disminuciones en el estado de ebriedad...<\/p>","protected":false},"author":20,"featured_media":0,"comment_status":"closed","ping_status":"closed","sticky":false,"template":"","format":"standard","meta":{"_acf_changed":false,"footnotes":""},"categories":[8],"tags":[],"class_list":["post-33711","post","type-post","status-publish","format-standard","hentry","category-blog","injury_type-catastrophic-injuries"],"acf":[],"yoast_head":"<!-- This site is optimized with the Yoast SEO Premium plugin v27.5 (Yoast SEO v27.5) - https:\/\/yoast.com\/product\/yoast-seo-premium-wordpress\/ -->\n<title>Traffic fatalities increased in Virginia during the pandemic | Allen and Allen<\/title>\n<meta name=\"description\" content=\"Though the global pandemic saw less people on the roads, the rise in traffic accidents and fatalities have increased. Learn why.\" \/>\n<meta name=\"robots\" content=\"index, follow, max-snippet:-1, max-image-preview:large, max-video-preview:-1\" \/>\n<link rel=\"canonical\" href=\"https:\/\/www.allenandallen.com\/es\/blog\/las-muertes-por-accidentes-de-trafico-aumentaron-en-virginia-durante-la-pandemia\/\" \/>\n<meta property=\"og:locale\" content=\"es_ES\" \/>\n<meta property=\"og:type\" content=\"article\" \/>\n<meta property=\"og:title\" content=\"Traffic fatalities increased in Virginia during the pandemic\" \/>\n<meta property=\"og:description\" content=\"Though the global pandemic saw less people on the roads, the rise in traffic accidents and fatalities have increased. Learn why.\" \/>\n<meta property=\"og:url\" content=\"https:\/\/www.allenandallen.com\/es\/blog\/las-muertes-por-accidentes-de-trafico-aumentaron-en-virginia-durante-la-pandemia\/\" \/>\n<meta property=\"og:site_name\" content=\"Allen and Allen\" \/>\n<meta property=\"article:published_time\" content=\"2022-04-26T12:57:46+00:00\" \/>\n<meta property=\"article:modified_time\" content=\"2025-11-12T17:54:40+00:00\" \/>\n<meta property=\"og:image\" content=\"https:\/\/www.allenandallen.com\/wp-content\/uploads\/2022\/04\/female-young-victim-of-the-accident-lies-on-a-stre-2021-08-28-11-59-46-utc-min-scaled.jpg\" \/>\n\t<meta property=\"og:image:width\" content=\"2560\" \/>\n\t<meta property=\"og:image:height\" content=\"1707\" \/>\n\t<meta property=\"og:image:type\" content=\"image\/jpeg\" \/>\n<meta name=\"author\" content=\"Fayeruz Regan\" \/>\n<meta name=\"twitter:card\" content=\"summary_large_image\" \/>\n<meta name=\"twitter:creator\" content=\"@allenandallen\" \/>\n<meta name=\"twitter:site\" content=\"@allenandallen\" \/>\n<meta name=\"twitter:label1\" content=\"Written by\" \/>\n\t<meta name=\"twitter:data1\" content=\"Fayeruz Regan\" \/>\n\t<meta name=\"twitter:label2\" content=\"Est. reading time\" \/>\n\t<meta name=\"twitter:data2\" content=\"3 minutes\" \/>\n<!-- \/ Yoast SEO Premium plugin. -->","yoast_head_json":{"title":"Muertes de tr\u00e1fico aumentaron en Virginia durante la pandemia | allen y allen","description":"Aunque la pandemia global vio a menos personas en las carreteras, el aumento de accidentes de tr\u00e1fico y muertes ha aumentado. Saber por que.","robots":{"index":"index","follow":"follow","max-snippet":"max-snippet:-1","max-image-preview":"max-image-preview:large","max-video-preview":"max-video-preview:-1"},"canonical":"https:\/\/www.allenandallen.com\/es\/blog\/las-muertes-por-accidentes-de-trafico-aumentaron-en-virginia-durante-la-pandemia\/","og_locale":"es_ES","og_type":"article","og_title":"Traffic fatalities increased in Virginia during the pandemic","og_description":"Though the global pandemic saw less people on the roads, the rise in traffic accidents and fatalities have increased. Learn why.","og_url":"https:\/\/www.allenandallen.com\/es\/blog\/las-muertes-por-accidentes-de-trafico-aumentaron-en-virginia-durante-la-pandemia\/","og_site_name":"Allen and Allen","article_published_time":"2022-04-26T12:57:46+00:00","article_modified_time":"2025-11-12T17:54:40+00:00","og_image":[{"width":2560,"height":1707,"url":"https:\/\/www.allenandallen.com\/wp-content\/uploads\/2022\/04\/female-young-victim-of-the-accident-lies-on-a-stre-2021-08-28-11-59-46-utc-min-scaled.jpg","type":"image\/jpeg"}],"author":"Fayeruz Regan","twitter_card":"summary_large_image","twitter_creator":"@allenandallen","twitter_site":"@allenandallen","twitter_misc":{"Written by":"Fayeruz Regan","Est. reading time":"3 minutes"},"schema":{"@context":"https:\/\/schema.org","@graph":[{"@type":"Article","@id":"https:\/\/www.allenandallen.com\/blog\/traffic-fatalities-increased-in-virginia-during-the-pandemic\/#article","isPartOf":{"@id":"https:\/\/www.allenandallen.com\/blog\/traffic-fatalities-increased-in-virginia-during-the-pandemic\/"},"author":{"name":"Fayeruz Regan","@id":"https:\/\/www.allenandallen.com\/#\/schema\/person\/593d64e503c60b19ed8d959ecd4acdde"},"headline":"Traffic fatalities increased in Virginia during the pandemic","datePublished":"2022-04-26T12:57:46+00:00","dateModified":"2025-11-12T17:54:40+00:00","mainEntityOfPage":{"@id":"https:\/\/www.allenandallen.com\/blog\/traffic-fatalities-increased-in-virginia-during-the-pandemic\/"},"wordCount":480,"image":{"@id":"https:\/\/www.allenandallen.com\/blog\/traffic-fatalities-increased-in-virginia-during-the-pandemic\/#primaryimage"},"thumbnailUrl":"https:\/\/www.allenandallen.com\/wp-content\/uploads\/2022\/04\/female-young-victim-of-the-accident-lies-on-a-stre-2021-08-28-11-59-46-utc-min-300x200.jpg","articleSection":["Blog"],"inLanguage":"es"},{"@type":"WebPage","@id":"https:\/\/www.allenandallen.com\/blog\/traffic-fatalities-increased-in-virginia-during-the-pandemic\/","url":"https:\/\/www.allenandallen.com\/blog\/traffic-fatalities-increased-in-virginia-during-the-pandemic\/","name":"Muertes de tr\u00e1fico aumentaron en Virginia durante la pandemia | allen y allen","isPartOf":{"@id":"https:\/\/www.allenandallen.com\/#website"},"primaryImageOfPage":{"@id":"https:\/\/www.allenandallen.com\/blog\/traffic-fatalities-increased-in-virginia-during-the-pandemic\/#primaryimage"},"image":{"@id":"https:\/\/www.allenandallen.com\/blog\/traffic-fatalities-increased-in-virginia-during-the-pandemic\/#primaryimage"},"thumbnailUrl":"https:\/\/www.allenandallen.com\/wp-content\/uploads\/2022\/04\/female-young-victim-of-the-accident-lies-on-a-stre-2021-08-28-11-59-46-utc-min-300x200.jpg","datePublished":"2022-04-26T12:57:46+00:00","dateModified":"2025-11-12T17:54:40+00:00","author":{"@id":"https:\/\/www.allenandallen.com\/#\/schema\/person\/593d64e503c60b19ed8d959ecd4acdde"},"description":"Aunque la pandemia global vio a menos personas en las carreteras, el aumento de accidentes de tr\u00e1fico y muertes ha aumentado. Saber por que.","breadcrumb":{"@id":"https:\/\/www.allenandallen.com\/blog\/traffic-fatalities-increased-in-virginia-during-the-pandemic\/#breadcrumb"},"inLanguage":"es","potentialAction":[{"@type":"ReadAction","target":["https:\/\/www.allenandallen.com\/blog\/traffic-fatalities-increased-in-virginia-during-the-pandemic\/"]}]},{"@type":"ImageObject","inLanguage":"es","@id":"https:\/\/www.allenandallen.com\/blog\/traffic-fatalities-increased-in-virginia-during-the-pandemic\/#primaryimage","url":"https:\/\/www.allenandallen.com\/wp-content\/uploads\/2022\/04\/female-young-victim-of-the-accident-lies-on-a-stre-2021-08-28-11-59-46-utc-min-300x200.jpg","contentUrl":"https:\/\/www.allenandallen.com\/wp-content\/uploads\/2022\/04\/female-young-victim-of-the-accident-lies-on-a-stre-2021-08-28-11-59-46-utc-min-300x200.jpg"},{"@type":"BreadcrumbList","@id":"https:\/\/www.allenandallen.com\/blog\/traffic-fatalities-increased-in-virginia-during-the-pandemic\/#breadcrumb","itemListElement":[{"@type":"ListItem","position":1,"name":"Virginia Personal Injury Lawyer","item":"https:\/\/www.allenandallen.com\/"},{"@type":"ListItem","position":2,"name":"Traffic fatalities increased in Virginia during the pandemic"}]},{"@type":"WebSite","@id":"https:\/\/www.allenandallen.com\/#website","url":"https:\/\/www.allenandallen.com\/","name":"Allen y Allen","description":"Protegiendo a los heridos desde 1910","potentialAction":[{"@type":"SearchAction","target":{"@type":"EntryPoint","urlTemplate":"https:\/\/www.allenandallen.com\/?s={search_term_string}"},"query-input":{"@type":"PropertyValueSpecification","valueRequired":true,"valueName":"search_term_string"}}],"inLanguage":"es"},{"@type":"Person","@id":"https:\/\/www.allenandallen.com\/#\/schema\/person\/593d64e503c60b19ed8d959ecd4acdde","name":"Fayeruz Regan","image":{"@type":"ImageObject","inLanguage":"es","@id":"https:\/\/secure.gravatar.com\/avatar\/dc2fc1487f614484438423331a07f8f20bbd093c01422c37452bcbf31b9c348c?s=96&d=mm&r=g","url":"https:\/\/secure.gravatar.com\/avatar\/dc2fc1487f614484438423331a07f8f20bbd093c01422c37452bcbf31b9c348c?s=96&d=mm&r=g","contentUrl":"https:\/\/secure.gravatar.com\/avatar\/dc2fc1487f614484438423331a07f8f20bbd093c01422c37452bcbf31b9c348c?s=96&d=mm&r=g","caption":"Fayeruz Regan"},"url":"https:\/\/www.allenandallen.com\/es\/author\/fayeruz-reganallenandallen-com\/"}]}},"_links":{"self":[{"href":"https:\/\/www.allenandallen.com\/es\/wp-json\/wp\/v2\/posts\/33711","targetHints":{"allow":["GET"]}}],"collection":[{"href":"https:\/\/www.allenandallen.com\/es\/wp-json\/wp\/v2\/posts"}],"about":[{"href":"https:\/\/www.allenandallen.com\/es\/wp-json\/wp\/v2\/types\/post"}],"author":[{"embeddable":true,"href":"https:\/\/www.allenandallen.com\/es\/wp-json\/wp\/v2\/users\/20"}],"replies":[{"embeddable":true,"href":"https:\/\/www.allenandallen.com\/es\/wp-json\/wp\/v2\/comments?post=33711"}],"version-history":[{"count":0,"href":"https:\/\/www.allenandallen.com\/es\/wp-json\/wp\/v2\/posts\/33711\/revisions"}],"wp:attachment":[{"href":"https:\/\/www.allenandallen.com\/es\/wp-json\/wp\/v2\/media?parent=33711"}],"wp:term":[{"taxonomy":"category","embeddable":true,"href":"https:\/\/www.allenandallen.com\/es\/wp-json\/wp\/v2\/categories?post=33711"},{"taxonomy":"post_tag","embeddable":true,"href":"https:\/\/www.allenandallen.com\/es\/wp-json\/wp\/v2\/tags?post=33711"}],"curies":[{"name":"Gracias","href":"https:\/\/api.w.org\/{rel}","templated":true}]}}