{"id":29200,"date":"2022-04-05T08:32:12","date_gmt":"2022-04-05T13:32:12","guid":{"rendered":"https:\/\/www.allenandallen.com\/?p=29200"},"modified":"2024-08-12T10:19:36","modified_gmt":"2024-08-12T15:19:36","slug":"el-carril-bici-en-detalle-senderos-para-bicicletas-y-peatones","status":"publish","type":"post","link":"https:\/\/www.allenandallen.com\/es\/blog\/the-bike-lane-lowdown-bike-and-pedestrian-trails\/","title":{"rendered":"The Bike Lane Lowdown: senderos para bicicletas y peatones"},"content":{"rendered":"<p>La implementaci\u00f3n de carriles para bicicletas en \u00e1reas con mucho tr\u00e1fico es en parte una respuesta al aumento en el uso de bicicletas que ocurri\u00f3 durante la pandemia. Pero no todos los carriles para bicicletas compiten por el espacio en nuestras carreteras.<\/p>\n<p><img loading=\"lazy\" decoding=\"async\" class=\"wp-image-29201 aligncenter\" src=\"https:\/\/www.allenandallen.com\/wp-content\/uploads\/2021\/08\/Bike-Lane-Lowdown-Final-300x163.png\" alt=\"Rutas para bicicletas en Virginia Central\" width=\"517\" height=\"281\" srcset=\"https:\/\/www.allenandallen.com\/wp-content\/uploads\/2021\/08\/Bike-Lane-Lowdown-Final-300x163.png 300w, https:\/\/www.allenandallen.com\/wp-content\/uploads\/2021\/08\/Bike-Lane-Lowdown-Final-18x10.png 18w, https:\/\/www.allenandallen.com\/wp-content\/uploads\/2021\/08\/Bike-Lane-Lowdown-Final.png 450w\" sizes=\"auto, (max-width: 517px) 100vw, 517px\" \/><\/p>\n<p>Hay senderos para bicicletas y peatones sin motor que se extienden por millas a trav\u00e9s de la vegetaci\u00f3n de Virginia. Estos caminos no solo son m\u00e1s seguros, sino que silenciosamente han recaudado millones de d\u00f3lares en actividad econ\u00f3mica.<\/p>\n<h3>El sendero para bicicletas de la capital<\/h3>\n<p>Capital Bike Trail es uno de los senderos m\u00e1s largos y populares de Virginia, que se extiende por 51.7 millas a trav\u00e9s de cuatro jurisdicciones separadas:<\/p>\n<ul>\n<li>Ciudad de Richmond<\/li>\n<li>Condado de Henrico<\/li>\n<li>Condado de la ciudad de Charles<\/li>\n<li>Condado de la ciudad de James<\/li>\n<\/ul>\n<p><img loading=\"lazy\" decoding=\"async\" class=\"wp-image-29206 alignleft\" src=\"https:\/\/www.allenandallen.com\/wp-content\/uploads\/2021\/08\/mathias-p-r-reding-SnOWrxEmmAY-unsplash-200x300.jpg\" alt=\"sendero para bicicletas\" width=\"396\" height=\"594\" srcset=\"https:\/\/www.allenandallen.com\/wp-content\/uploads\/2021\/08\/mathias-p-r-reding-SnOWrxEmmAY-unsplash-200x300.jpg 200w, https:\/\/www.allenandallen.com\/wp-content\/uploads\/2021\/08\/mathias-p-r-reding-SnOWrxEmmAY-unsplash-8x12.jpg 8w, https:\/\/www.allenandallen.com\/wp-content\/uploads\/2021\/08\/mathias-p-r-reding-SnOWrxEmmAY-unsplash.jpg 640w\" sizes=\"auto, (max-width: 396px) 100vw, 396px\" \/>Hay siete tramos a lo largo del sendero:<\/p>\n<ul>\n<li>Manantiales verdes (2 millas)<\/li>\n<li>Frente al r\u00edo Chickahominy (5 millas)<\/li>\n<li>Bosque de Sherwood (13.2 millas)<\/li>\n<li>Palacio de justicia de la ciudad de Charles (7.6 mi.)<\/li>\n<li>New Market Heights (10.4 millas)<\/li>\n<li>Varina (20 km)<\/li>\n<li>Richmond (1,3 millas)<\/li>\n<\/ul>\n<p>Hay m\u00faltiples recursos de comida y entretenimiento a lo largo del sendero, desde estaciones de auto-reparaci\u00f3n de bicicletas hasta restaurantes. Incluso han establecido reglas de etiqueta para la seguridad, que incluyen:<\/p>\n<ul>\n<li>Mant\u00e9ngase a la derecha, pase a la izquierda<\/li>\n<li>Emitir advertencias sonoras<\/li>\n<li>Obedecer las se\u00f1ales de senderos y carreteras<\/li>\n<li>Ceder el paso a los peatones<\/li>\n<li>Salga del camino cuando se detenga<\/li>\n<\/ul>\n<h3>El sendero de tres muescas<\/h3>\n<p>Las colisiones traseras son el tipo <a href=\"https:\/\/www.threenotchedtrail.com\/\" target=\"_blank\" rel=\"noopener\">Sendero de tres muescas<\/a> es una propuesta planteada por el <a href=\"http:\/\/www.rivannatrails.org\/\" target=\"_blank\" rel=\"noopener\">Fundaci\u00f3n Rivanna Trails<\/a>, una organizaci\u00f3n sin fines de lucro fundada con la misi\u00f3n de &quot;promover, crear y proteger caminos, senderos y v\u00edas verdes en la cuenca del r\u00edo Rivanna&quot;. Est\u00e1n trabajando para conectar las oportunidades recreativas y culturales a trav\u00e9s de un sendero no motorizado que se extiende por cuatro \u00e1reas:<\/p>\n<ul>\n<li>Charlottesville<\/li>\n<li>Hiedra<\/li>\n<li>Crozet<\/li>\n<li>T\u00fanel Blue Ridge en Afton<\/li>\n<\/ul>\n<p>La propuesta sugiere un camino pavimentado de 10&#039; de ancho, que permite dos direcciones de tr\u00e1nsito de peatones y ciclistas, y es parte de una iniciativa m\u00e1s amplia de sendero \u201cMonta\u00f1as al Mar\u201d, que conecta con Capital Trail. El camino est\u00e1 dise\u00f1ado para tener aproximadamente 25 millas. de largo y est\u00e1 destinado a conectarse con m\u00faltiples atracciones tur\u00edsticas, tales como:<\/p>\n<ul>\n<li>Universidad de Virginia<\/li>\n<li>Autopistas Blue Ridge<\/li>\n<li>Parque Nacional Shenandoah<\/li>\n<li>unidad de horizonte<\/li>\n<li>Sendero de los Apalaches<\/li>\n<li>\u00be milla de los senderos pasar\u00e1n por el t\u00fanel Blue Ridge<\/li>\n<\/ul>\n<h3>Senderos adicionales en Virginia<\/h3>\n<ul>\n<li><a href=\"https:\/\/www.fredericksburgva.gov\/768\/Trails-and-Pathways\" target=\"_blank\" rel=\"noopener\">Fredericksburg<\/a><\/li>\n<li><a href=\"https:\/\/www.trekbikes.com\/us\/en_US\/greatrides\/stafford\/\" target=\"_blank\" rel=\"noopener\">Stafford<\/a><\/li>\n<li><a href=\"https:\/\/www.traillink.com\/city\/petersburg-va-trails\/\" target=\"_blank\" rel=\"noopener\">Petersburg<\/a><\/li>\n<li><a href=\"https:\/\/www.chesterfield.gov\/920\/Trail-Systems\" target=\"_blank\" rel=\"noopener\">Chesterfield<\/a><\/li>\n<li><a href=\"https:\/\/www.traillink.com\/city\/mechanicsville-va-trails\/\" target=\"_blank\" rel=\"noopener\">Mechanicsville<\/a><\/li>\n<\/ul>\n<p>Si usted o un ser querido ha resultado lesionado en un accidente de bicicleta o peat\u00f3n sin culpa suya, es posible que tenga derecho a una compensaci\u00f3n. Llame para una consulta gratuita al 866-388-1307.<\/p>","protected":false},"excerpt":{"rendered":"<p>La implementaci\u00f3n de carriles para bicicletas en \u00e1reas con mucho tr\u00e1fico es en parte una respuesta al aumento en el uso de bicicletas que ocurri\u00f3 durante la pandemia. Pero no todos los carriles bici compiten por...<\/p>","protected":false},"author":20,"featured_media":0,"comment_status":"closed","ping_status":"closed","sticky":false,"template":"","format":"standard","meta":{"_acf_changed":false,"footnotes":""},"categories":[8],"tags":[],"class_list":["post-29200","post","type-post","status-publish","format-standard","hentry","category-blog"],"acf":[],"yoast_head":"<!-- This site is optimized with the Yoast SEO Premium plugin v27.5 (Yoast SEO v27.5) - https:\/\/yoast.com\/product\/yoast-seo-premium-wordpress\/ -->\n<title>The Bike Lane Lowdown: Bike and pedestrian trails | Allen and Allen<\/title>\n<meta name=\"description\" content=\"The pandemic accelerated the construction of bike lanes, but lanes and pedestrian trails are planned across the state. Read on for details.\" \/>\n<meta name=\"robots\" content=\"index, follow, max-snippet:-1, max-image-preview:large, max-video-preview:-1\" \/>\n<link rel=\"canonical\" href=\"https:\/\/www.allenandallen.com\/es\/blog\/el-carril-bici-en-detalle-senderos-para-bicicletas-y-peatones\/\" \/>\n<meta property=\"og:locale\" content=\"es_ES\" \/>\n<meta property=\"og:type\" content=\"article\" \/>\n<meta property=\"og:title\" content=\"The Bike Lane Lowdown: Bike and pedestrian trails\" \/>\n<meta property=\"og:description\" content=\"The pandemic accelerated the construction of bike lanes, but lanes and pedestrian trails are planned across the state. Read on for details.\" \/>\n<meta property=\"og:url\" content=\"https:\/\/www.allenandallen.com\/es\/blog\/el-carril-bici-en-detalle-senderos-para-bicicletas-y-peatones\/\" \/>\n<meta property=\"og:site_name\" content=\"Allen and Allen\" \/>\n<meta property=\"article:published_time\" content=\"2022-04-05T13:32:12+00:00\" \/>\n<meta property=\"article:modified_time\" content=\"2024-08-12T15:19:36+00:00\" \/>\n<meta property=\"og:image\" content=\"https:\/\/www.allenandallen.com\/wp-content\/uploads\/2021\/08\/Bike-Lane-Lowdown-Final-300x163.png\" \/>\n<meta name=\"author\" content=\"Fayeruz Regan\" \/>\n<meta name=\"twitter:card\" content=\"summary_large_image\" \/>\n<meta name=\"twitter:creator\" content=\"@allenandallen\" \/>\n<meta name=\"twitter:site\" content=\"@allenandallen\" \/>\n<meta name=\"twitter:label1\" content=\"Written by\" \/>\n\t<meta name=\"twitter:data1\" content=\"Fayeruz Regan\" \/>\n\t<meta name=\"twitter:label2\" content=\"Est. reading time\" \/>\n\t<meta name=\"twitter:data2\" content=\"3 minutes\" \/>\n<!-- \/ Yoast SEO Premium plugin. -->","yoast_head_json":{"title":"The Bike Lane Lowdown: senderos para bicicletas y peatones | allen y allen","description":"La pandemia aceler\u00f3 la construcci\u00f3n de carriles para bicicletas, pero se planean carriles y senderos para peatones en todo el estado. Siga leyendo para obtener m\u00e1s detalles.","robots":{"index":"index","follow":"follow","max-snippet":"max-snippet:-1","max-image-preview":"max-image-preview:large","max-video-preview":"max-video-preview:-1"},"canonical":"https:\/\/www.allenandallen.com\/es\/blog\/el-carril-bici-en-detalle-senderos-para-bicicletas-y-peatones\/","og_locale":"es_ES","og_type":"article","og_title":"The Bike Lane Lowdown: Bike and pedestrian trails","og_description":"The pandemic accelerated the construction of bike lanes, but lanes and pedestrian trails are planned across the state. Read on for details.","og_url":"https:\/\/www.allenandallen.com\/es\/blog\/el-carril-bici-en-detalle-senderos-para-bicicletas-y-peatones\/","og_site_name":"Allen and Allen","article_published_time":"2022-04-05T13:32:12+00:00","article_modified_time":"2024-08-12T15:19:36+00:00","og_image":[{"url":"https:\/\/www.allenandallen.com\/wp-content\/uploads\/2021\/08\/Bike-Lane-Lowdown-Final-300x163.png","type":"","width":"","height":""}],"author":"Fayeruz Regan","twitter_card":"summary_large_image","twitter_creator":"@allenandallen","twitter_site":"@allenandallen","twitter_misc":{"Written by":"Fayeruz Regan","Est. reading time":"3 minutes"},"schema":{"@context":"https:\/\/schema.org","@graph":[{"@type":"Article","@id":"https:\/\/www.allenandallen.com\/blog\/the-bike-lane-lowdown-bike-and-pedestrian-trails\/#article","isPartOf":{"@id":"https:\/\/www.allenandallen.com\/blog\/the-bike-lane-lowdown-bike-and-pedestrian-trails\/"},"author":{"name":"Fayeruz Regan","@id":"https:\/\/www.allenandallen.com\/#\/schema\/person\/593d64e503c60b19ed8d959ecd4acdde"},"headline":"The Bike Lane Lowdown: Bike and pedestrian trails","datePublished":"2022-04-05T13:32:12+00:00","dateModified":"2024-08-12T15:19:36+00:00","mainEntityOfPage":{"@id":"https:\/\/www.allenandallen.com\/blog\/the-bike-lane-lowdown-bike-and-pedestrian-trails\/"},"wordCount":371,"image":{"@id":"https:\/\/www.allenandallen.com\/blog\/the-bike-lane-lowdown-bike-and-pedestrian-trails\/#primaryimage"},"thumbnailUrl":"https:\/\/www.allenandallen.com\/wp-content\/uploads\/2021\/08\/Bike-Lane-Lowdown-Final-300x163.png","articleSection":["Blog"],"inLanguage":"es"},{"@type":"WebPage","@id":"https:\/\/www.allenandallen.com\/blog\/the-bike-lane-lowdown-bike-and-pedestrian-trails\/","url":"https:\/\/www.allenandallen.com\/blog\/the-bike-lane-lowdown-bike-and-pedestrian-trails\/","name":"The Bike Lane Lowdown: senderos para bicicletas y peatones | allen y allen","isPartOf":{"@id":"https:\/\/www.allenandallen.com\/#website"},"primaryImageOfPage":{"@id":"https:\/\/www.allenandallen.com\/blog\/the-bike-lane-lowdown-bike-and-pedestrian-trails\/#primaryimage"},"image":{"@id":"https:\/\/www.allenandallen.com\/blog\/the-bike-lane-lowdown-bike-and-pedestrian-trails\/#primaryimage"},"thumbnailUrl":"https:\/\/www.allenandallen.com\/wp-content\/uploads\/2021\/08\/Bike-Lane-Lowdown-Final-300x163.png","datePublished":"2022-04-05T13:32:12+00:00","dateModified":"2024-08-12T15:19:36+00:00","author":{"@id":"https:\/\/www.allenandallen.com\/#\/schema\/person\/593d64e503c60b19ed8d959ecd4acdde"},"description":"La pandemia aceler\u00f3 la construcci\u00f3n de carriles para bicicletas, pero se planean carriles y senderos para peatones en todo el estado. Siga leyendo para obtener m\u00e1s detalles.","breadcrumb":{"@id":"https:\/\/www.allenandallen.com\/blog\/the-bike-lane-lowdown-bike-and-pedestrian-trails\/#breadcrumb"},"inLanguage":"es","potentialAction":[{"@type":"ReadAction","target":["https:\/\/www.allenandallen.com\/blog\/the-bike-lane-lowdown-bike-and-pedestrian-trails\/"]}]},{"@type":"ImageObject","inLanguage":"es","@id":"https:\/\/www.allenandallen.com\/blog\/the-bike-lane-lowdown-bike-and-pedestrian-trails\/#primaryimage","url":"https:\/\/www.allenandallen.com\/wp-content\/uploads\/2021\/08\/Bike-Lane-Lowdown-Final-300x163.png","contentUrl":"https:\/\/www.allenandallen.com\/wp-content\/uploads\/2021\/08\/Bike-Lane-Lowdown-Final-300x163.png"},{"@type":"BreadcrumbList","@id":"https:\/\/www.allenandallen.com\/blog\/the-bike-lane-lowdown-bike-and-pedestrian-trails\/#breadcrumb","itemListElement":[{"@type":"ListItem","position":1,"name":"Virginia Personal Injury Lawyer","item":"https:\/\/www.allenandallen.com\/"},{"@type":"ListItem","position":2,"name":"The Bike Lane Lowdown: Bike and pedestrian trails"}]},{"@type":"WebSite","@id":"https:\/\/www.allenandallen.com\/#website","url":"https:\/\/www.allenandallen.com\/","name":"Allen y Allen","description":"Protegiendo a los heridos desde 1910","potentialAction":[{"@type":"SearchAction","target":{"@type":"EntryPoint","urlTemplate":"https:\/\/www.allenandallen.com\/?s={search_term_string}"},"query-input":{"@type":"PropertyValueSpecification","valueRequired":true,"valueName":"search_term_string"}}],"inLanguage":"es"},{"@type":"Person","@id":"https:\/\/www.allenandallen.com\/#\/schema\/person\/593d64e503c60b19ed8d959ecd4acdde","name":"Fayeruz Regan","image":{"@type":"ImageObject","inLanguage":"es","@id":"https:\/\/secure.gravatar.com\/avatar\/dc2fc1487f614484438423331a07f8f20bbd093c01422c37452bcbf31b9c348c?s=96&d=mm&r=g","url":"https:\/\/secure.gravatar.com\/avatar\/dc2fc1487f614484438423331a07f8f20bbd093c01422c37452bcbf31b9c348c?s=96&d=mm&r=g","contentUrl":"https:\/\/secure.gravatar.com\/avatar\/dc2fc1487f614484438423331a07f8f20bbd093c01422c37452bcbf31b9c348c?s=96&d=mm&r=g","caption":"Fayeruz Regan"},"url":"https:\/\/www.allenandallen.com\/es\/author\/fayeruz-reganallenandallen-com\/"}]}},"_links":{"self":[{"href":"https:\/\/www.allenandallen.com\/es\/wp-json\/wp\/v2\/posts\/29200","targetHints":{"allow":["GET"]}}],"collection":[{"href":"https:\/\/www.allenandallen.com\/es\/wp-json\/wp\/v2\/posts"}],"about":[{"href":"https:\/\/www.allenandallen.com\/es\/wp-json\/wp\/v2\/types\/post"}],"author":[{"embeddable":true,"href":"https:\/\/www.allenandallen.com\/es\/wp-json\/wp\/v2\/users\/20"}],"replies":[{"embeddable":true,"href":"https:\/\/www.allenandallen.com\/es\/wp-json\/wp\/v2\/comments?post=29200"}],"version-history":[{"count":0,"href":"https:\/\/www.allenandallen.com\/es\/wp-json\/wp\/v2\/posts\/29200\/revisions"}],"wp:attachment":[{"href":"https:\/\/www.allenandallen.com\/es\/wp-json\/wp\/v2\/media?parent=29200"}],"wp:term":[{"taxonomy":"category","embeddable":true,"href":"https:\/\/www.allenandallen.com\/es\/wp-json\/wp\/v2\/categories?post=29200"},{"taxonomy":"post_tag","embeddable":true,"href":"https:\/\/www.allenandallen.com\/es\/wp-json\/wp\/v2\/tags?post=29200"}],"curies":[{"name":"Gracias","href":"https:\/\/api.w.org\/{rel}","templated":true}]}}