{"id":1277,"date":"2013-05-13T12:56:00","date_gmt":"2013-05-13T12:56:00","guid":{"rendered":"https:\/\/www.allenandallen.com\/what-is-a-life-care-plan\/"},"modified":"2025-11-07T19:54:46","modified_gmt":"2025-11-08T00:54:46","slug":"que-es-un-plan-de-cuidado-de-vida","status":"publish","type":"post","link":"https:\/\/www.allenandallen.com\/es\/blog\/what-is-a-life-care-plan\/","title":{"rendered":"\u00bfQu\u00e9 es un Plan de Cuidado de la Vida?"},"content":{"rendered":"<p style=\"font-weight: 400;\">Cuando alguien sufre una lesi\u00f3n grave o se le diagnostica una enfermedad cr\u00f3nica, el camino que tiene por delante puede parecer incierto. <strong>plan de atenci\u00f3n vital<\/strong> Ofrece una hoja de ruta para el futuro, describiendo la atenci\u00f3n m\u00e9dica, el apoyo y los servicios que una persona necesitar\u00e1 para vivir de la manera m\u00e1s plena y c\u00f3moda posible.<\/p>\n<p style=\"font-weight: 400;\">En casos de lesiones personales y negligencia m\u00e9dica, un plan de cuidados a largo plazo puede desempe\u00f1ar un papel fundamental para obtener una indemnizaci\u00f3n justa. Proporciona una previsi\u00f3n detallada de los costes de atenci\u00f3n futuros, lo que garantiza que no se pase nada por alto al calcular los da\u00f1os.<\/p>\n<p style=\"font-weight: 400;\">Para obtener informaci\u00f3n y asesoramiento espec\u00edficos sobre c\u00f3mo se aplica un plan de atenci\u00f3n a largo plazo a su situaci\u00f3n, y para recibir orientaci\u00f3n legal de calidad durante todo el proceso, p\u00f3ngase en contacto con un abogado especializado en lesiones personales cerca de usted para una consulta gratuita.<\/p>\n<h2>\u00bfQu\u00e9 incluye un plan de atenci\u00f3n a largo plazo?<\/h2>\n<p style=\"font-weight: 400;\">Un plan de cuidados a largo plazo es un documento detallado y personalizado que describe las necesidades m\u00e9dicas, terap\u00e9uticas y de apoyo actuales y futuras de una persona con una lesi\u00f3n grave o una enfermedad cr\u00f3nica. Su objetivo es garantizar que la persona reciba la atenci\u00f3n y los recursos adecuados a lo largo de su vida, as\u00ed como calcular los costos a largo plazo asociados a dicha atenci\u00f3n.<\/p>\n<p style=\"font-weight: 400;\">Esto es lo que suele incluir un plan integral de atenci\u00f3n a largo plazo:<\/p>\n<h3>Evaluaciones m\u00e9dicas y tratamiento continuo<\/h3>\n<p style=\"font-weight: 400;\">El plan comienza con una descripci\u00f3n general clara del estado de salud actual del individuo, su diagn\u00f3stico y su pron\u00f3stico. Incluye recomendaciones para:<\/p>\n<ul>\n<li style=\"font-weight: 400;\">Visitas regulares al m\u00e9dico<\/li>\n<li style=\"font-weight: 400;\">Seguimiento con especialistas<\/li>\n<li style=\"font-weight: 400;\">Procedimientos quir\u00fargicos, si fuera necesario<\/li>\n<li style=\"font-weight: 400;\">Pruebas m\u00e9dicas y diagn\u00f3sticos de rutina<\/li>\n<li style=\"font-weight: 400;\">Hospitalizaciones o atenci\u00f3n hospitalaria<\/li>\n<\/ul>\n<h3>Terapia y rehabilitaci\u00f3n<\/h3>\n<p style=\"font-weight: 400;\">Para promover la recuperaci\u00f3n y mantener la funcionalidad, el plan detalla varios servicios terap\u00e9uticos, tales como:<\/p>\n<ul>\n<li style=\"font-weight: 400;\">Terapia f\u00edsica<\/li>\n<li style=\"font-weight: 400;\">Terapia ocupacional<\/li>\n<li style=\"font-weight: 400;\">Terapia del habla y del lenguaje<\/li>\n<li style=\"font-weight: 400;\">Terapia respiratoria<\/li>\n<li style=\"font-weight: 400;\">Rehabilitacion vocacional<\/li>\n<li style=\"font-weight: 400;\">Terapia recreativa o musical (cuando corresponda)<\/li>\n<\/ul>\n<h3>Medicamentos y suministros m\u00e9dicos<\/h3>\n<p style=\"font-weight: 400;\">Un plan de atenci\u00f3n integral enumera todos los medicamentos recetados y de venta libre necesarios para controlar los s\u00edntomas o prevenir complicaciones. Tambi\u00e9n tiene en cuenta:<\/p>\n<ul>\n<li style=\"font-weight: 400;\">Suministros para inyecciones<\/li>\n<li style=\"font-weight: 400;\">Cat\u00e9teres<\/li>\n<li style=\"font-weight: 400;\">Kits para el cuidado de heridas<\/li>\n<li style=\"font-weight: 400;\">Suplementos nutricionales<\/li>\n<li style=\"font-weight: 400;\">Ox\u00edgeno o suministros respiratorios<\/li>\n<\/ul>\n<h3>Dispositivos de movilidad y asistencia<\/h3>\n<p style=\"font-weight: 400;\">Si la movilidad es limitada, el plan incluir\u00e1:<\/p>\n<ul>\n<li style=\"font-weight: 400;\">Sillas de ruedas (manuales o el\u00e9ctricas)<\/li>\n<li style=\"font-weight: 400;\">Andadores o bastones<\/li>\n<li style=\"font-weight: 400;\">Patinetes<\/li>\n<li style=\"font-weight: 400;\">Aparatos ortop\u00e9dicos u ortesis<\/li>\n<li style=\"font-weight: 400;\">Pr\u00f3tesis<\/li>\n<li style=\"font-weight: 400;\">Asientos o camas adaptadas<\/li>\n<\/ul>\n<p style=\"font-weight: 400;\">Tambi\u00e9n detalla los calendarios de sustituci\u00f3n y los costes de mantenimiento de estos elementos.<\/p>\n<h3>Servicios de cuidado personal y a domicilio<\/h3>\n<p style=\"font-weight: 400;\">Para las personas que necesitan ayuda con las actividades diarias, el plan puede recomendar:<\/p>\n<ul>\n<li style=\"font-weight: 400;\">Cuidados de enfermer\u00eda a domicilio<\/li>\n<li style=\"font-weight: 400;\">Auxiliares de cuidado personal (ba\u00f1o, vestimenta, preparaci\u00f3n de comidas)<\/li>\n<li style=\"font-weight: 400;\">Servicios de gesti\u00f3n de casos<\/li>\n<li style=\"font-weight: 400;\">Servicios de relevo para cuidadores familiares<\/li>\n<\/ul>\n<h3>Modificaciones del hogar y accesibilidad<\/h3>\n<p style=\"font-weight: 400;\">Para que el hogar sea seguro y funcional, un plan de cuidados a largo plazo podr\u00eda incluir:<\/p>\n<ul>\n<li style=\"font-weight: 400;\">Rampas para sillas de ruedas<\/li>\n<li style=\"font-weight: 400;\">Puertas m\u00e1s anchas<\/li>\n<li style=\"font-weight: 400;\">salvaescaleras o ascensores<\/li>\n<li style=\"font-weight: 400;\">Duchas accesibles para sillas de ruedas<\/li>\n<li style=\"font-weight: 400;\">Reformas de cocina y ba\u00f1o<\/li>\n<li style=\"font-weight: 400;\">Sistemas dom\u00e9sticos inteligentes para monitoreo o comunicaci\u00f3n<\/li>\n<\/ul>\n<h3>Necesidades de transporte<\/h3>\n<p style=\"font-weight: 400;\">Si la persona ya no puede conducir o requiere transporte especializado, el plan puede incluir:<\/p>\n<ul>\n<li style=\"font-weight: 400;\">Veh\u00edculos modificados (controles manuales, elevadores para sillas de ruedas)<\/li>\n<li style=\"font-weight: 400;\">Servicios de transporte para citas<\/li>\n<li style=\"font-weight: 400;\">Servicios de asistencia para el transporte o de conductores.<\/li>\n<\/ul>\n<h3>Apoyo educativo y vocacional<\/h3>\n<p style=\"font-weight: 400;\">Para los j\u00f3venes o aquellos que buscan reincorporarse al mundo laboral, el plan puede cubrir:<\/p>\n<ul>\n<li style=\"font-weight: 400;\">servicios de educaci\u00f3n especial<\/li>\n<li style=\"font-weight: 400;\">Tutor\u00edas o adaptaciones acad\u00e9micas<\/li>\n<li style=\"font-weight: 400;\">Recapacitaci\u00f3n profesional o asesoramiento laboral.<\/li>\n<li style=\"font-weight: 400;\">Tecnolog\u00eda adaptativa para entornos escolares o laborales.<\/li>\n<\/ul>\n<h3>Apoyo psicol\u00f3gico y emocional.<\/h3>\n<p style=\"font-weight: 400;\">La recuperaci\u00f3n emocional es tan importante como la recuperaci\u00f3n f\u00edsica. El plan suele incluir:<\/p>\n<ul>\n<li style=\"font-weight: 400;\">Asesoramiento individual o psicoterapia<\/li>\n<li style=\"font-weight: 400;\">Terapia familiar<\/li>\n<li style=\"font-weight: 400;\">Grupos de apoyo<\/li>\n<li style=\"font-weight: 400;\">Atenci\u00f3n psiqui\u00e1trica, si fuera necesario.<\/li>\n<\/ul>\n<h3>Proyecciones de costos a lo largo de la vida<\/h3>\n<p style=\"font-weight: 400;\">Un componente clave de cualquier plan de atenci\u00f3n a largo plazo para lesiones personales es la estimaci\u00f3n financiera. El planificador proporciona:<\/p>\n<ul>\n<li style=\"font-weight: 400;\">Costos actuales para cada servicio o art\u00edculo<\/li>\n<li style=\"font-weight: 400;\">Frecuencia de los servicios (por ejemplo, sesiones de terapia semanales)<\/li>\n<li style=\"font-weight: 400;\">Inflaci\u00f3n o aumentos de precios previstos a lo largo del tiempo<\/li>\n<li style=\"font-weight: 400;\">Variaciones de costos geogr\u00e1ficas<\/li>\n<\/ul>\n<p style=\"font-weight: 400;\">Estas cifras ayudan a abogados, aseguradoras y tribunales a comprender el impacto econ\u00f3mico total de la lesi\u00f3n y a planificar el futuro.<\/p>\n<h3>Lo que no incluye un plan de atenci\u00f3n de por vida<\/h3>\n<p style=\"font-weight: 400;\">Los planes de atenci\u00f3n a largo plazo generalmente no incluyen:<\/p>\n<ul>\n<li style=\"font-weight: 400;\">Tratamiento para complicaciones que no pueden predecirse razonablemente<\/li>\n<li style=\"font-weight: 400;\">Tratamientos experimentales o terapias no aprobadas<\/li>\n<li style=\"font-weight: 400;\">Los futuros avances m\u00e9dicos, dado que su momento e impacto son inciertos, son inciertos.<\/li>\n<\/ul>\n<h2>\u00bfQu\u00e9 es un planificador de cuidados a largo plazo?<\/h2>\n<p style=\"font-weight: 400;\">Un planificador de cuidados a largo plazo es un profesional capacitado que eval\u00faa la totalidad de las necesidades m\u00e9dicas y de cuidado personal de una persona. Generalmente provienen de \u00e1reas como la medicina o la rehabilitaci\u00f3n, como enfermer\u00eda, gesti\u00f3n de casos o fisioterapia, y suelen contar con una certificaci\u00f3n profesional en planificaci\u00f3n de cuidados a largo plazo.<\/p>\n<p style=\"font-weight: 400;\">Para elaborar un plan fiable, un planificador de cuidados a largo plazo deber\u00e1:<\/p>\n<ul>\n<li style=\"font-weight: 400;\">Revisar el historial m\u00e9dico y los registros actuales del individuo.<\/li>\n<li style=\"font-weight: 400;\">Realizar entrevistas en profundidad con el paciente y su familia.<\/li>\n<li style=\"font-weight: 400;\">Consulte con los m\u00e9dicos tratantes y los especialistas.<\/li>\n<li style=\"font-weight: 400;\">Realizar una evaluaci\u00f3n del hogar para comprender los desaf\u00edos de accesibilidad.<\/li>\n<li style=\"font-weight: 400;\">Investigaci\u00f3n de las mejores pr\u00e1cticas y directrices cl\u00ednicas<\/li>\n<li style=\"font-weight: 400;\">Investigar los costos en el \u00e1rea geogr\u00e1fica de la persona.<\/li>\n<\/ul>\n<p style=\"font-weight: 400;\">Este enfoque detallado garantiza que el plan de atenci\u00f3n de por vida refleje fielmente las necesidades de la persona, no solo ahora, sino tambi\u00e9n durante los a\u00f1os o incluso d\u00e9cadas venideros.<\/p>\n<h2>Por qu\u00e9 los planes de atenci\u00f3n a largo plazo son importantes en los casos de lesiones personales.<\/h2>\n<p style=\"font-weight: 400;\">Tras una lesi\u00f3n traum\u00e1tica, como una lesi\u00f3n medular, una lesi\u00f3n cerebral traum\u00e1tica o quemaduras graves, los costos pueden ser abrumadores. Adem\u00e1s del tratamiento m\u00e9dico inmediato, muchas personas se enfrentan a gastos de por vida por terapia, equipo m\u00e9dico y asistencia diaria.<\/p>\n<p style=\"font-weight: 400;\">Un plan de cuidados a largo plazo para lesiones personales ayuda a abogados, compa\u00f1\u00edas de seguros y tribunales a comprender el impacto financiero total de una lesi\u00f3n. Estos planes sirven como prueba en negociaciones de acuerdos y juicios, mostrando cu\u00e1nto dinero se necesitar\u00e1 para la recuperaci\u00f3n y la calidad de vida de la persona lesionada.<\/p>\n<p style=\"font-weight: 400;\">En casos de lesiones catastr\u00f3ficas, como traumatismos de la m\u00e9dula espinal, puede ser necesario recurrir a un planificador de cuidados a largo plazo para lesiones medulares con el fin de desarrollar un plan altamente especializado. Estos planes suelen implicar cuidados complejos y de alto costo que deben tenerse en cuenta en cualquier resoluci\u00f3n legal.<\/p>\n<h2>\u00bfCu\u00e1nto cuesta un plan de cuidados vitalicios?<\/h2>\n<p style=\"font-weight: 400;\">El coste de elaborar un plan de cuidados a largo plazo depende de varios factores, entre ellos la gravedad de la lesi\u00f3n, la cantidad de documentaci\u00f3n m\u00e9dica disponible y las cualificaciones de la persona que elabora dicho plan.<\/p>\n<p style=\"font-weight: 400;\">En general, un plan de cuidados a largo plazo puede costar entre 152.000 y 10.000 d\u00f3lares o m\u00e1s. Este precio suele cubrir las consultas, la revisi\u00f3n de documentos, las entrevistas, la investigaci\u00f3n y la elaboraci\u00f3n de un informe escrito detallado. Si el planificador debe testificar ante un tribunal o durante una declaraci\u00f3n jurada, podr\u00edan aplicarse cargos adicionales.<\/p>\n<p style=\"font-weight: 400;\">Aunque esto pueda parecer costoso, los planes de atenci\u00f3n a largo plazo suelen dar lugar a indemnizaciones o veredictos significativamente m\u00e1s elevados, ya que proporcionan pruebas concretas de los da\u00f1os a largo plazo.<\/p>\n<h2>\u00bfQui\u00e9n necesita un plan de cuidados a largo plazo?<\/h2>\n<p style=\"font-weight: 400;\">Cualquier persona que haya sufrido una lesi\u00f3n grave o una enfermedad incapacitante puede beneficiarse de un plan de atenci\u00f3n integral, especialmente cuando es probable que necesite cuidados a largo plazo. Esto incluye a personas con:<\/p>\n<ul>\n<li style=\"font-weight: 400;\">Lesiones de la m\u00e9dula espinal<\/li>\n<li style=\"font-weight: 400;\">Lesiones cerebrales traum\u00e1ticas (LCT)<\/li>\n<li style=\"font-weight: 400;\">Amputaciones<\/li>\n<li style=\"font-weight: 400;\">Quemaduras<\/li>\n<li style=\"font-weight: 400;\">Accidente cerebrovascular o afecciones neurol\u00f3gicas<\/li>\n<li style=\"font-weight: 400;\">lesiones de nacimiento como la par\u00e1lisis cerebral<\/li>\n<li style=\"font-weight: 400;\">Enfermedades cr\u00f3nicas resultantes de negligencia m\u00e9dica<\/li>\n<\/ul>\n<p style=\"font-weight: 400;\">Ya sea que est\u00e9 tramitando una reclamaci\u00f3n por lesiones personales o cuidando a un ser querido, un plan de cuidados a largo plazo puede brindarle tranquilidad. Garantiza que no se pase por alto ninguna necesidad de atenci\u00f3n y ayuda a obtener el apoyo financiero necesario para cubrirlas.<\/p>\n<h2>\u00bfCu\u00e1nto tiempo se tarda en elaborar un plan de cuidados a largo plazo?<\/h2>\n<p style=\"font-weight: 400;\">Elaborar un plan integral de atenci\u00f3n a largo plazo no es un proceso r\u00e1pido. Dependiendo de la complejidad del caso, puede llevar desde varias semanas hasta algunos meses. El planificador debe revisar expedientes, consultar con los proveedores, realizar entrevistas y recopilar documentaci\u00f3n exhaustiva.<\/p>\n<p style=\"font-weight: 400;\">En los procesos legales, el factor tiempo suele ser crucial. Los abogados pueden solicitar planes urgentes si se acerca la fecha del juicio. Sin embargo, apresurar el proceso puede afectar la calidad y la precisi\u00f3n del plan, por lo que siempre es recomendable comenzar con anticipaci\u00f3n.<\/p>\n<h2>C\u00f3mo elegir al planificador de cuidados a largo plazo adecuado<\/h2>\n<p style=\"font-weight: 400;\">La experiencia es importante al seleccionar un planificador de cuidados a largo plazo. Querr\u00e1 a alguien que no solo est\u00e9 acreditado, sino que tambi\u00e9n comprenda los matices de los casos de lesiones personales. Muchos planificadores de cuidados a largo plazo de buena reputaci\u00f3n cuentan con certificaciones de organizaciones como <a href=\"https:\/\/www.google.com\/url?sa=t&amp;source=web&amp;rct=j&amp;opi=89978449&amp;url=https:\/\/www.ichcc.org\/certifications.html&amp;ved=2ahUKEwjht_zJk62MAxWWLtAFHZyHBWsQFnoECC0QAQ&amp;usg=AOvVaw0aIyVKM1GXeez43l3xtXlQ\">Comisi\u00f3n de Certificaci\u00f3n de Atenci\u00f3n M\u00e9dica (CHCC)<\/a> y seguir metodolog\u00edas establecidas y reconocidas por los tribunales de todo Estados Unidos.<\/p>\n<p style=\"font-weight: 400;\">Un planificador eficaz colaborar\u00e1 estrechamente con su equipo legal y sus proveedores m\u00e9dicos para garantizar que el plan de atenci\u00f3n sea preciso y defendible.<\/p>\n<h2>Hable con un abogado de lesiones personales de Virginia en Allen &amp; Allen.<\/h2>\n<p style=\"font-weight: 400;\">Si usted o un ser querido sufre una lesi\u00f3n grave y necesita cuidados a largo plazo, los abogados expertos de Allen &amp; Allen est\u00e1n aqu\u00ed para ayudarle. Durante m\u00e1s de un siglo, nuestro bufete ha apoyado a los residentes de Virginia que han sufrido lesiones, luchando por la compensaci\u00f3n justa e \u00edntegra que merecen.<\/p>\n<p style=\"font-weight: 400;\">En Allen &amp; Allen, comprendemos la importancia de un plan de cuidados a largo plazo para asegurar su futuro. Nuestro equipo legal colabora estrechamente con planificadores de cuidados a largo plazo cualificados para elaborar casos s\u00f3lidos y basados en evidencia que reflejen el verdadero costo de vivir con una lesi\u00f3n grave. Ya sea que su caso involucre una lesi\u00f3n de la m\u00e9dula espinal, una lesi\u00f3n cerebral traum\u00e1tica u otra afecci\u00f3n que altere su vida, nos aseguraremos de que se tengan en cuenta todos los detalles para que usted no tenga que pagar de su bolsillo la atenci\u00f3n que necesita.<\/p>\n<p style=\"font-weight: 400;\">Creemos que no deber\u00eda tener que cargar con esta responsabilidad solo. Perm\u00edtanos aliviarle la presi\u00f3n legal para que pueda concentrarse en su recuperaci\u00f3n.<\/p>\n<p style=\"font-weight: 400;\"><a href=\"https:\/\/www.allenandallen.com\/es\/programar-una-consulta\/\">Contacto Allen &amp; Allen<\/a> Cont\u00e1ctanos hoy para una consulta gratuita. Hablar con nosotros no tiene costo ni compromiso. Solo respuestas honestas, apoyo comprensivo y un camino claro a seguir.<\/p>\n<p><strong>Sobre el Autor<\/strong>: Jason W. Konvicka es un abogado de lesiones personales con experiencia en el manejo de casos de lesiones catastr\u00f3ficas y muerte por negligencia. Tambi\u00e9n representa a personas gravemente heridas por el uso de medicamentos y dispositivos m\u00e9dicos defectuosos. Jason ha logrado importantes veredictos y acuerdos para clientes con lesiones de la m\u00e9dula espinal, lesiones cerebrales traum\u00e1ticas y <a title=\"abogado de accidentes de tractocamiones\" href=\"http:\/\/www.tractortraileraccident-attorney.com\/\" target=\"_blank\" rel=\"noopener\">casos de accidentes de camiones con remolque<\/a>. El Sr. Konvicka tiene la calificaci\u00f3n AV de Martindale-Hubble y figura en la lista. <em>Los mejores abogados de Estados Unidos<\/em>. Es un defensor de juicios civiles certificado por la Junta Nacional de Defensa de Juicios y ha argumentado con \u00e9xito ante la Corte Suprema de Virginia y la Corte de Apelaciones del Cuarto Circuito.<\/p>","protected":false},"excerpt":{"rendered":"<p>When someone suffers a serious injury or is diagnosed with a chronic medical condition, the road ahead can feel uncertain. A life care plan offers a roadmap for the future,&#8230;<\/p>","protected":false},"author":3,"featured_media":0,"comment_status":"open","ping_status":"open","sticky":false,"template":"","format":"standard","meta":{"_acf_changed":false,"footnotes":""},"categories":[8],"tags":[],"class_list":["post-1277","post","type-post","status-publish","format-standard","hentry","category-blog"],"acf":[],"yoast_head":"<!-- This site is optimized with the Yoast SEO Premium plugin v27.5 (Yoast SEO v27.5) - https:\/\/yoast.com\/product\/yoast-seo-premium-wordpress\/ -->\n<title>What is a Life Care Plan?<\/title>\n<meta name=\"description\" content=\"When someone suffers a serious injury or is diagnosed with a chronic medical condition, the road ahead can feel uncertain. A life care plan offers a\" \/>\n<meta name=\"robots\" content=\"index, follow, max-snippet:-1, max-image-preview:large, max-video-preview:-1\" \/>\n<link rel=\"canonical\" href=\"https:\/\/www.allenandallen.com\/es\/blog\/que-es-un-plan-de-cuidado-de-vida\/\" \/>\n<meta property=\"og:locale\" content=\"es_ES\" \/>\n<meta property=\"og:type\" content=\"article\" \/>\n<meta property=\"og:title\" content=\"What is a Life Care Plan?\" \/>\n<meta property=\"og:description\" content=\"When someone suffers a serious injury or is diagnosed with a chronic medical condition, the road ahead can feel uncertain. A life care plan offers a\" \/>\n<meta property=\"og:url\" content=\"https:\/\/www.allenandallen.com\/es\/blog\/que-es-un-plan-de-cuidado-de-vida\/\" \/>\n<meta property=\"og:site_name\" content=\"Allen and Allen\" \/>\n<meta property=\"article:published_time\" content=\"2013-05-13T12:56:00+00:00\" \/>\n<meta property=\"article:modified_time\" content=\"2025-11-08T00:54:46+00:00\" \/>\n<meta name=\"author\" content=\"superfli\" \/>\n<meta name=\"twitter:card\" content=\"summary_large_image\" \/>\n<meta name=\"twitter:creator\" content=\"@allenandallen\" \/>\n<meta name=\"twitter:site\" content=\"@allenandallen\" \/>\n<meta name=\"twitter:label1\" content=\"Written by\" \/>\n\t<meta name=\"twitter:data1\" content=\"superfli\" \/>\n\t<meta name=\"twitter:label2\" content=\"Est. reading time\" \/>\n\t<meta name=\"twitter:data2\" content=\"7 minutes\" \/>\n<!-- \/ Yoast SEO Premium plugin. -->","yoast_head_json":{"title":"\u00bfQu\u00e9 es un Plan de Cuidado de la Vida?","description":"Cuando alguien sufre una lesi\u00f3n grave o se le diagnostica una enfermedad cr\u00f3nica, el camino que tiene por delante puede parecer incierto. Un plan de atenci\u00f3n de por vida ofrece una","robots":{"index":"index","follow":"follow","max-snippet":"max-snippet:-1","max-image-preview":"max-image-preview:large","max-video-preview":"max-video-preview:-1"},"canonical":"https:\/\/www.allenandallen.com\/es\/blog\/que-es-un-plan-de-cuidado-de-vida\/","og_locale":"es_ES","og_type":"article","og_title":"What is a Life Care Plan?","og_description":"When someone suffers a serious injury or is diagnosed with a chronic medical condition, the road ahead can feel uncertain. A life care plan offers a","og_url":"https:\/\/www.allenandallen.com\/es\/blog\/que-es-un-plan-de-cuidado-de-vida\/","og_site_name":"Allen and Allen","article_published_time":"2013-05-13T12:56:00+00:00","article_modified_time":"2025-11-08T00:54:46+00:00","author":"superfli","twitter_card":"summary_large_image","twitter_creator":"@allenandallen","twitter_site":"@allenandallen","twitter_misc":{"Written by":"superfli","Est. reading time":"7 minutes"},"schema":{"@context":"https:\/\/schema.org","@graph":[{"@type":"Article","@id":"https:\/\/www.allenandallen.com\/blog\/what-is-a-life-care-plan\/#article","isPartOf":{"@id":"https:\/\/www.allenandallen.com\/blog\/what-is-a-life-care-plan\/"},"author":{"name":"superfli","@id":"https:\/\/www.allenandallen.com\/#\/schema\/person\/614e3c785f884823fbc9ff741159789c"},"headline":"What is a Life Care Plan?","datePublished":"2013-05-13T12:56:00+00:00","dateModified":"2025-11-08T00:54:46+00:00","mainEntityOfPage":{"@id":"https:\/\/www.allenandallen.com\/blog\/what-is-a-life-care-plan\/"},"wordCount":1585,"commentCount":0,"articleSection":["Blog"],"inLanguage":"es","potentialAction":[{"@type":"CommentAction","name":"Comment","target":["https:\/\/www.allenandallen.com\/blog\/what-is-a-life-care-plan\/#respond"]}]},{"@type":"WebPage","@id":"https:\/\/www.allenandallen.com\/blog\/what-is-a-life-care-plan\/","url":"https:\/\/www.allenandallen.com\/blog\/what-is-a-life-care-plan\/","name":"\u00bfQu\u00e9 es un Plan de Cuidado de la Vida?","isPartOf":{"@id":"https:\/\/www.allenandallen.com\/#website"},"datePublished":"2013-05-13T12:56:00+00:00","dateModified":"2025-11-08T00:54:46+00:00","author":{"@id":"https:\/\/www.allenandallen.com\/#\/schema\/person\/614e3c785f884823fbc9ff741159789c"},"description":"Cuando alguien sufre una lesi\u00f3n grave o se le diagnostica una enfermedad cr\u00f3nica, el camino que tiene por delante puede parecer incierto. Un plan de atenci\u00f3n de por vida ofrece una","breadcrumb":{"@id":"https:\/\/www.allenandallen.com\/blog\/what-is-a-life-care-plan\/#breadcrumb"},"inLanguage":"es","potentialAction":[{"@type":"ReadAction","target":["https:\/\/www.allenandallen.com\/blog\/what-is-a-life-care-plan\/"]}]},{"@type":"BreadcrumbList","@id":"https:\/\/www.allenandallen.com\/blog\/what-is-a-life-care-plan\/#breadcrumb","itemListElement":[{"@type":"ListItem","position":1,"name":"Virginia Personal Injury Lawyer","item":"https:\/\/www.allenandallen.com\/"},{"@type":"ListItem","position":2,"name":"What is a Life Care Plan?"}]},{"@type":"WebSite","@id":"https:\/\/www.allenandallen.com\/#website","url":"https:\/\/www.allenandallen.com\/","name":"Allen y Allen","description":"Protegiendo a los heridos desde 1910","potentialAction":[{"@type":"SearchAction","target":{"@type":"EntryPoint","urlTemplate":"https:\/\/www.allenandallen.com\/?s={search_term_string}"},"query-input":{"@type":"PropertyValueSpecification","valueRequired":true,"valueName":"search_term_string"}}],"inLanguage":"es"},{"@type":"Person","@id":"https:\/\/www.allenandallen.com\/#\/schema\/person\/614e3c785f884823fbc9ff741159789c","name":"superfli","image":{"@type":"ImageObject","inLanguage":"es","@id":"https:\/\/secure.gravatar.com\/avatar\/9c221e26d864c7a266fee68157c87e9cd73a005ab83e394413b434c7bdf791ea?s=96&d=mm&r=g","url":"https:\/\/secure.gravatar.com\/avatar\/9c221e26d864c7a266fee68157c87e9cd73a005ab83e394413b434c7bdf791ea?s=96&d=mm&r=g","contentUrl":"https:\/\/secure.gravatar.com\/avatar\/9c221e26d864c7a266fee68157c87e9cd73a005ab83e394413b434c7bdf791ea?s=96&d=mm&r=g","caption":"superfli"},"url":"https:\/\/www.allenandallen.com\/es\/author\/superfli\/"}]}},"_links":{"self":[{"href":"https:\/\/www.allenandallen.com\/es\/wp-json\/wp\/v2\/posts\/1277","targetHints":{"allow":["GET"]}}],"collection":[{"href":"https:\/\/www.allenandallen.com\/es\/wp-json\/wp\/v2\/posts"}],"about":[{"href":"https:\/\/www.allenandallen.com\/es\/wp-json\/wp\/v2\/types\/post"}],"author":[{"embeddable":true,"href":"https:\/\/www.allenandallen.com\/es\/wp-json\/wp\/v2\/users\/3"}],"replies":[{"embeddable":true,"href":"https:\/\/www.allenandallen.com\/es\/wp-json\/wp\/v2\/comments?post=1277"}],"version-history":[{"count":0,"href":"https:\/\/www.allenandallen.com\/es\/wp-json\/wp\/v2\/posts\/1277\/revisions"}],"wp:attachment":[{"href":"https:\/\/www.allenandallen.com\/es\/wp-json\/wp\/v2\/media?parent=1277"}],"wp:term":[{"taxonomy":"category","embeddable":true,"href":"https:\/\/www.allenandallen.com\/es\/wp-json\/wp\/v2\/categories?post=1277"},{"taxonomy":"post_tag","embeddable":true,"href":"https:\/\/www.allenandallen.com\/es\/wp-json\/wp\/v2\/tags?post=1277"}],"curies":[{"name":"Gracias","href":"https:\/\/api.w.org\/{rel}","templated":true}]}}